{"id":952,"date":"2019-11-26T23:30:21","date_gmt":"2019-11-26T22:30:21","guid":{"rendered":"http:\/\/barcelonaenmarxa.org\/la-iii-cursa-aecc-barcelona-en-marxa-contra-el-cancer-escalfa-motors-amb-entrenaments-previs\/"},"modified":"2019-11-26T23:30:21","modified_gmt":"2019-11-26T22:30:21","slug":"la-iii-cursa-aecc-barcelona-en-marxa-contra-el-cancer-escalfa-motors-amb-entrenaments-previs-2","status":"publish","type":"post","link":"https:\/\/barcelonaenmarxa.org\/es\/la-iii-cursa-aecc-barcelona-en-marxa-contra-el-cancer-escalfa-motors-amb-entrenaments-previs-2\/","title":{"rendered":"La III Carrera AECC Barcelona En Marcha Contra El C\u00e1ncer calienta motores con entrenamientos previos"},"content":{"rendered":"\n<p><em>La organizaci\u00f3n ofrece un entrenamiento previo a la carrera de la mano de Club Fun Runners, que dinamizar\u00e1n la actividad y ofrecer\u00e1n consejos<\/em><\/p>\n\n\n\n<p>Cada d\u00eda est\u00e1 m\u00e1s cerca la 3\u00aa edici\u00f3n de la Carrera AECC Barcelona En Marcha Contra El C\u00e1ncer, y la organizaci\u00f3n ya prepara el terreno para que todos lleguen a la cita del pr\u00f3ximo 8 de diciembre en el Parque del F\u00f3rum en plena forma. Es por ello que la AECC ofrece la posibilidad de participar en diferentes sesiones de entrenamiento gratuitas para adentrarse en la carrera de este a\u00f1o.<\/p>\n\n\n\n<p>Este mi\u00e9rcoles 26 de noviembre a las 19.15h en el CEM Mar Bella tendr\u00e1 lugar el primer entrenamiento, de la mano del Club Fun Runners. Los asistentes podr\u00e1n compartir la tarde con otros runners y entrenadores y entrenadoras que ayudar\u00e1n a definir estrategias para alcanzar los objetivos en la carrera. Adem\u00e1s, se har\u00e1 el sorteo de un dorsal para correr gratuitamente la Carrera el 8 de diciembre.<\/p>\n\n\n\n<p>S\u00e1bado, 30 de noviembre, llega uno de los momentos m\u00e1s esperados por los participantes. Desde el Parque del F\u00f3rum (zona del Parque de los Auditorios) se har\u00e1 un reconocimiento del circuito con diferentes niveles. Los dinamizadores del entrenamiento explicar\u00e1n mejor estrategia para afrontar con \u00e9xito el circuito de 5 kil\u00f3metros que transcurre por el Parque del F\u00f3rum y el Puerto del F\u00f3rum y que contar\u00e1 con dos vueltas por los participantes de la carrera de 10 kil\u00f3metros.<\/p>\n\n\n\n<p>Club Fun Runners es un club de corredores y corredoras que organizan actividades en torno al mundo del running. Entre las actividades destacan las solidarias como la que plantean para preparar esta 3\u00aa edici\u00f3n de la Carrera de la AECC Barcelona En Marcha Contra El C\u00e1ncer.<\/p>\n","protected":false},"excerpt":{"rendered":"<p>La organizaci\u00f3n ofrece un entrenamiento previo a la carrera de la mano de Club Fun Runners, que dinamizar\u00e1n la actividad y ofrecer\u00e1n consejos Cada d\u00eda est\u00e1 m\u00e1s cerca la 3\u00aa&#8230;<\/p>\n","protected":false},"author":1,"featured_media":950,"comment_status":"closed","ping_status":"closed","sticky":false,"template":"","format":"standard","meta":{"_acf_changed":false,"inline_featured_image":false,"footnotes":""},"categories":[],"tags":[],"class_list":["post-952","post","type-post","status-publish","format-standard","has-post-thumbnail"],"acf":[],"yoast_head":"<!-- This site is optimized with the Yoast SEO plugin v27.2 - https:\/\/yoast.com\/product\/yoast-seo-wordpress\/ -->\n<title>La III Carrera AECC Barcelona En Marcha Contra El C\u00e1ncer calienta motores con entrenamientos previos - KM Contra el C\u00e0ncer<\/title>\n<meta name=\"robots\" content=\"noindex, follow, max-snippet:-1, max-image-preview:large, max-video-preview:-1\" \/>\n<meta property=\"og:locale\" content=\"es_ES\" \/>\n<meta property=\"og:type\" content=\"article\" \/>\n<meta property=\"og:title\" content=\"La III Carrera AECC Barcelona En Marcha Contra El C\u00e1ncer calienta motores con entrenamientos previos - KM Contra el C\u00e0ncer\" \/>\n<meta property=\"og:description\" content=\"La organizaci\u00f3n ofrece un entrenamiento previo a la carrera de la mano de Club Fun Runners, que dinamizar\u00e1n la actividad y ofrecer\u00e1n consejos Cada d\u00eda est\u00e1 m\u00e1s cerca la 3\u00aa...\" \/>\n<meta property=\"og:url\" content=\"https:\/\/barcelonaenmarxa.org\/es\/la-iii-cursa-aecc-barcelona-en-marxa-contra-el-cancer-escalfa-motors-amb-entrenaments-previs-2\/\" \/>\n<meta property=\"og:site_name\" content=\"KM Contra el C\u00e0ncer\" \/>\n<meta property=\"article:published_time\" content=\"2019-11-26T22:30:21+00:00\" \/>\n<meta property=\"og:image\" content=\"https:\/\/barcelonaenmarxa.org\/wp-content\/uploads\/2019\/11\/1290-4BA8ZP-QUVDQ3dlYi0xMDc5LmpwZw.jpg\" \/>\n\t<meta property=\"og:image:width\" content=\"1000\" \/>\n\t<meta property=\"og:image:height\" content=\"667\" \/>\n\t<meta property=\"og:image:type\" content=\"image\/jpeg\" \/>\n<meta name=\"author\" content=\"admins\" \/>\n<meta name=\"twitter:card\" content=\"summary_large_image\" \/>\n<meta name=\"twitter:label1\" content=\"Escrito por\" \/>\n\t<meta name=\"twitter:data1\" content=\"admins\" \/>\n\t<meta name=\"twitter:label2\" content=\"Tiempo de lectura\" \/>\n\t<meta name=\"twitter:data2\" content=\"2 minutos\" \/>\n<script type=\"application\/ld+json\" class=\"yoast-schema-graph\">{\"@context\":\"https:\/\/schema.org\",\"@graph\":[{\"@type\":\"Article\",\"@id\":\"https:\/\/barcelonaenmarxa.org\/es\/la-iii-cursa-aecc-barcelona-en-marxa-contra-el-cancer-escalfa-motors-amb-entrenaments-previs-2\/#article\",\"isPartOf\":{\"@id\":\"https:\/\/barcelonaenmarxa.org\/es\/la-iii-cursa-aecc-barcelona-en-marxa-contra-el-cancer-escalfa-motors-amb-entrenaments-previs-2\/\"},\"author\":{\"name\":\"admins\",\"@id\":\"https:\/\/barcelonaenmarxa.org\/es\/#\/schema\/person\/104ad03ec3078da01ca2810b637be3ab\"},\"headline\":\"La III Carrera AECC Barcelona En Marcha Contra El C\u00e1ncer calienta motores con entrenamientos previos\",\"datePublished\":\"2019-11-26T22:30:21+00:00\",\"mainEntityOfPage\":{\"@id\":\"https:\/\/barcelonaenmarxa.org\/es\/la-iii-cursa-aecc-barcelona-en-marxa-contra-el-cancer-escalfa-motors-amb-entrenaments-previs-2\/\"},\"wordCount\":316,\"publisher\":{\"@id\":\"https:\/\/barcelonaenmarxa.org\/es\/#organization\"},\"image\":{\"@id\":\"https:\/\/barcelonaenmarxa.org\/es\/la-iii-cursa-aecc-barcelona-en-marxa-contra-el-cancer-escalfa-motors-amb-entrenaments-previs-2\/#primaryimage\"},\"thumbnailUrl\":\"https:\/\/barcelonaenmarxa.org\/wp-content\/uploads\/2019\/11\/1290-4BA8ZP-QUVDQ3dlYi0xMDc5LmpwZw.jpg\",\"inLanguage\":\"es\"},{\"@type\":\"WebPage\",\"@id\":\"https:\/\/barcelonaenmarxa.org\/es\/la-iii-cursa-aecc-barcelona-en-marxa-contra-el-cancer-escalfa-motors-amb-entrenaments-previs-2\/\",\"url\":\"https:\/\/barcelonaenmarxa.org\/es\/la-iii-cursa-aecc-barcelona-en-marxa-contra-el-cancer-escalfa-motors-amb-entrenaments-previs-2\/\",\"name\":\"La III Carrera AECC Barcelona En Marcha Contra El C\u00e1ncer calienta motores con entrenamientos previos - KM Contra el C\u00e0ncer\",\"isPartOf\":{\"@id\":\"https:\/\/barcelonaenmarxa.org\/es\/#website\"},\"primaryImageOfPage\":{\"@id\":\"https:\/\/barcelonaenmarxa.org\/es\/la-iii-cursa-aecc-barcelona-en-marxa-contra-el-cancer-escalfa-motors-amb-entrenaments-previs-2\/#primaryimage\"},\"image\":{\"@id\":\"https:\/\/barcelonaenmarxa.org\/es\/la-iii-cursa-aecc-barcelona-en-marxa-contra-el-cancer-escalfa-motors-amb-entrenaments-previs-2\/#primaryimage\"},\"thumbnailUrl\":\"https:\/\/barcelonaenmarxa.org\/wp-content\/uploads\/2019\/11\/1290-4BA8ZP-QUVDQ3dlYi0xMDc5LmpwZw.jpg\",\"datePublished\":\"2019-11-26T22:30:21+00:00\",\"breadcrumb\":{\"@id\":\"https:\/\/barcelonaenmarxa.org\/es\/la-iii-cursa-aecc-barcelona-en-marxa-contra-el-cancer-escalfa-motors-amb-entrenaments-previs-2\/#breadcrumb\"},\"inLanguage\":\"es\",\"potentialAction\":[{\"@type\":\"ReadAction\",\"target\":[\"https:\/\/barcelonaenmarxa.org\/es\/la-iii-cursa-aecc-barcelona-en-marxa-contra-el-cancer-escalfa-motors-amb-entrenaments-previs-2\/\"]}]},{\"@type\":\"ImageObject\",\"inLanguage\":\"es\",\"@id\":\"https:\/\/barcelonaenmarxa.org\/es\/la-iii-cursa-aecc-barcelona-en-marxa-contra-el-cancer-escalfa-motors-amb-entrenaments-previs-2\/#primaryimage\",\"url\":\"https:\/\/barcelonaenmarxa.org\/wp-content\/uploads\/2019\/11\/1290-4BA8ZP-QUVDQ3dlYi0xMDc5LmpwZw.jpg\",\"contentUrl\":\"https:\/\/barcelonaenmarxa.org\/wp-content\/uploads\/2019\/11\/1290-4BA8ZP-QUVDQ3dlYi0xMDc5LmpwZw.jpg\",\"width\":1000,\"height\":667},{\"@type\":\"BreadcrumbList\",\"@id\":\"https:\/\/barcelonaenmarxa.org\/es\/la-iii-cursa-aecc-barcelona-en-marxa-contra-el-cancer-escalfa-motors-amb-entrenaments-previs-2\/#breadcrumb\",\"itemListElement\":[{\"@type\":\"ListItem\",\"position\":1,\"name\":\"Portada\",\"item\":\"https:\/\/barcelonaenmarxa.org\/es\/inicio\/\"},{\"@type\":\"ListItem\",\"position\":2,\"name\":\"La III Carrera AECC Barcelona En Marcha Contra El C\u00e1ncer calienta motores con entrenamientos previos\"}]},{\"@type\":\"WebSite\",\"@id\":\"https:\/\/barcelonaenmarxa.org\/es\/#website\",\"url\":\"https:\/\/barcelonaenmarxa.org\/es\/\",\"name\":\"KM Contra El C\u00e0ncer\",\"description\":\"\",\"publisher\":{\"@id\":\"https:\/\/barcelonaenmarxa.org\/es\/#organization\"},\"potentialAction\":[{\"@type\":\"SearchAction\",\"target\":{\"@type\":\"EntryPoint\",\"urlTemplate\":\"https:\/\/barcelonaenmarxa.org\/es\/?s={search_term_string}\"},\"query-input\":{\"@type\":\"PropertyValueSpecification\",\"valueRequired\":true,\"valueName\":\"search_term_string\"}}],\"inLanguage\":\"es\"},{\"@type\":\"Organization\",\"@id\":\"https:\/\/barcelonaenmarxa.org\/es\/#organization\",\"name\":\"Associaci\u00f3 contra el c\u00e0ncer a Barcelona\",\"url\":\"https:\/\/barcelonaenmarxa.org\/es\/\",\"logo\":{\"@type\":\"ImageObject\",\"inLanguage\":\"es\",\"@id\":\"https:\/\/barcelonaenmarxa.org\/es\/#\/schema\/logo\/image\/\",\"url\":\"https:\/\/barcelonaenmarxa.org\/wp-content\/uploads\/2026\/03\/logo-acc-bcn-light-bg.svg\",\"contentUrl\":\"https:\/\/barcelonaenmarxa.org\/wp-content\/uploads\/2026\/03\/logo-acc-bcn-light-bg.svg\",\"width\":\"1024\",\"height\":\"1024\",\"caption\":\"Associaci\u00f3 contra el c\u00e0ncer a Barcelona\"},\"image\":{\"@id\":\"https:\/\/barcelonaenmarxa.org\/es\/#\/schema\/logo\/image\/\"}},{\"@type\":\"Person\",\"@id\":\"https:\/\/barcelonaenmarxa.org\/es\/#\/schema\/person\/104ad03ec3078da01ca2810b637be3ab\",\"name\":\"admins\",\"image\":{\"@type\":\"ImageObject\",\"inLanguage\":\"es\",\"@id\":\"https:\/\/secure.gravatar.com\/avatar\/bbc67c27c20d4284c3e321e6aee926d9665cb03076289c28238cd24f1fb73309?s=96&d=mm&r=g\",\"url\":\"https:\/\/secure.gravatar.com\/avatar\/bbc67c27c20d4284c3e321e6aee926d9665cb03076289c28238cd24f1fb73309?s=96&d=mm&r=g\",\"contentUrl\":\"https:\/\/secure.gravatar.com\/avatar\/bbc67c27c20d4284c3e321e6aee926d9665cb03076289c28238cd24f1fb73309?s=96&d=mm&r=g\",\"caption\":\"admins\"},\"sameAs\":[\"https:\/\/barcelonaenmarxa.org\"],\"url\":\"https:\/\/barcelonaenmarxa.org\/es\/author\/admins\/\"}]}<\/script>\n<!-- \/ Yoast SEO plugin. -->","yoast_head_json":{"title":"La III Carrera AECC Barcelona En Marcha Contra El C\u00e1ncer calienta motores con entrenamientos previos - KM Contra el C\u00e0ncer","robots":{"index":"noindex","follow":"follow","max-snippet":"max-snippet:-1","max-image-preview":"max-image-preview:large","max-video-preview":"max-video-preview:-1"},"og_locale":"es_ES","og_type":"article","og_title":"La III Carrera AECC Barcelona En Marcha Contra El C\u00e1ncer calienta motores con entrenamientos previos - KM Contra el C\u00e0ncer","og_description":"La organizaci\u00f3n ofrece un entrenamiento previo a la carrera de la mano de Club Fun Runners, que dinamizar\u00e1n la actividad y ofrecer\u00e1n consejos Cada d\u00eda est\u00e1 m\u00e1s cerca la 3\u00aa...","og_url":"https:\/\/barcelonaenmarxa.org\/es\/la-iii-cursa-aecc-barcelona-en-marxa-contra-el-cancer-escalfa-motors-amb-entrenaments-previs-2\/","og_site_name":"KM Contra el C\u00e0ncer","article_published_time":"2019-11-26T22:30:21+00:00","og_image":[{"width":1000,"height":667,"url":"https:\/\/barcelonaenmarxa.org\/wp-content\/uploads\/2019\/11\/1290-4BA8ZP-QUVDQ3dlYi0xMDc5LmpwZw.jpg","type":"image\/jpeg"}],"author":"admins","twitter_card":"summary_large_image","twitter_misc":{"Escrito por":"admins","Tiempo de lectura":"2 minutos"},"schema":{"@context":"https:\/\/schema.org","@graph":[{"@type":"Article","@id":"https:\/\/barcelonaenmarxa.org\/es\/la-iii-cursa-aecc-barcelona-en-marxa-contra-el-cancer-escalfa-motors-amb-entrenaments-previs-2\/#article","isPartOf":{"@id":"https:\/\/barcelonaenmarxa.org\/es\/la-iii-cursa-aecc-barcelona-en-marxa-contra-el-cancer-escalfa-motors-amb-entrenaments-previs-2\/"},"author":{"name":"admins","@id":"https:\/\/barcelonaenmarxa.org\/es\/#\/schema\/person\/104ad03ec3078da01ca2810b637be3ab"},"headline":"La III Carrera AECC Barcelona En Marcha Contra El C\u00e1ncer calienta motores con entrenamientos previos","datePublished":"2019-11-26T22:30:21+00:00","mainEntityOfPage":{"@id":"https:\/\/barcelonaenmarxa.org\/es\/la-iii-cursa-aecc-barcelona-en-marxa-contra-el-cancer-escalfa-motors-amb-entrenaments-previs-2\/"},"wordCount":316,"publisher":{"@id":"https:\/\/barcelonaenmarxa.org\/es\/#organization"},"image":{"@id":"https:\/\/barcelonaenmarxa.org\/es\/la-iii-cursa-aecc-barcelona-en-marxa-contra-el-cancer-escalfa-motors-amb-entrenaments-previs-2\/#primaryimage"},"thumbnailUrl":"https:\/\/barcelonaenmarxa.org\/wp-content\/uploads\/2019\/11\/1290-4BA8ZP-QUVDQ3dlYi0xMDc5LmpwZw.jpg","inLanguage":"es"},{"@type":"WebPage","@id":"https:\/\/barcelonaenmarxa.org\/es\/la-iii-cursa-aecc-barcelona-en-marxa-contra-el-cancer-escalfa-motors-amb-entrenaments-previs-2\/","url":"https:\/\/barcelonaenmarxa.org\/es\/la-iii-cursa-aecc-barcelona-en-marxa-contra-el-cancer-escalfa-motors-amb-entrenaments-previs-2\/","name":"La III Carrera AECC Barcelona En Marcha Contra El C\u00e1ncer calienta motores con entrenamientos previos - KM Contra el C\u00e0ncer","isPartOf":{"@id":"https:\/\/barcelonaenmarxa.org\/es\/#website"},"primaryImageOfPage":{"@id":"https:\/\/barcelonaenmarxa.org\/es\/la-iii-cursa-aecc-barcelona-en-marxa-contra-el-cancer-escalfa-motors-amb-entrenaments-previs-2\/#primaryimage"},"image":{"@id":"https:\/\/barcelonaenmarxa.org\/es\/la-iii-cursa-aecc-barcelona-en-marxa-contra-el-cancer-escalfa-motors-amb-entrenaments-previs-2\/#primaryimage"},"thumbnailUrl":"https:\/\/barcelonaenmarxa.org\/wp-content\/uploads\/2019\/11\/1290-4BA8ZP-QUVDQ3dlYi0xMDc5LmpwZw.jpg","datePublished":"2019-11-26T22:30:21+00:00","breadcrumb":{"@id":"https:\/\/barcelonaenmarxa.org\/es\/la-iii-cursa-aecc-barcelona-en-marxa-contra-el-cancer-escalfa-motors-amb-entrenaments-previs-2\/#breadcrumb"},"inLanguage":"es","potentialAction":[{"@type":"ReadAction","target":["https:\/\/barcelonaenmarxa.org\/es\/la-iii-cursa-aecc-barcelona-en-marxa-contra-el-cancer-escalfa-motors-amb-entrenaments-previs-2\/"]}]},{"@type":"ImageObject","inLanguage":"es","@id":"https:\/\/barcelonaenmarxa.org\/es\/la-iii-cursa-aecc-barcelona-en-marxa-contra-el-cancer-escalfa-motors-amb-entrenaments-previs-2\/#primaryimage","url":"https:\/\/barcelonaenmarxa.org\/wp-content\/uploads\/2019\/11\/1290-4BA8ZP-QUVDQ3dlYi0xMDc5LmpwZw.jpg","contentUrl":"https:\/\/barcelonaenmarxa.org\/wp-content\/uploads\/2019\/11\/1290-4BA8ZP-QUVDQ3dlYi0xMDc5LmpwZw.jpg","width":1000,"height":667},{"@type":"BreadcrumbList","@id":"https:\/\/barcelonaenmarxa.org\/es\/la-iii-cursa-aecc-barcelona-en-marxa-contra-el-cancer-escalfa-motors-amb-entrenaments-previs-2\/#breadcrumb","itemListElement":[{"@type":"ListItem","position":1,"name":"Portada","item":"https:\/\/barcelonaenmarxa.org\/es\/inicio\/"},{"@type":"ListItem","position":2,"name":"La III Carrera AECC Barcelona En Marcha Contra El C\u00e1ncer calienta motores con entrenamientos previos"}]},{"@type":"WebSite","@id":"https:\/\/barcelonaenmarxa.org\/es\/#website","url":"https:\/\/barcelonaenmarxa.org\/es\/","name":"KM Contra El C\u00e0ncer","description":"","publisher":{"@id":"https:\/\/barcelonaenmarxa.org\/es\/#organization"},"potentialAction":[{"@type":"SearchAction","target":{"@type":"EntryPoint","urlTemplate":"https:\/\/barcelonaenmarxa.org\/es\/?s={search_term_string}"},"query-input":{"@type":"PropertyValueSpecification","valueRequired":true,"valueName":"search_term_string"}}],"inLanguage":"es"},{"@type":"Organization","@id":"https:\/\/barcelonaenmarxa.org\/es\/#organization","name":"Associaci\u00f3 contra el c\u00e0ncer a Barcelona","url":"https:\/\/barcelonaenmarxa.org\/es\/","logo":{"@type":"ImageObject","inLanguage":"es","@id":"https:\/\/barcelonaenmarxa.org\/es\/#\/schema\/logo\/image\/","url":"https:\/\/barcelonaenmarxa.org\/wp-content\/uploads\/2026\/03\/logo-acc-bcn-light-bg.svg","contentUrl":"https:\/\/barcelonaenmarxa.org\/wp-content\/uploads\/2026\/03\/logo-acc-bcn-light-bg.svg","width":"1024","height":"1024","caption":"Associaci\u00f3 contra el c\u00e0ncer a Barcelona"},"image":{"@id":"https:\/\/barcelonaenmarxa.org\/es\/#\/schema\/logo\/image\/"}},{"@type":"Person","@id":"https:\/\/barcelonaenmarxa.org\/es\/#\/schema\/person\/104ad03ec3078da01ca2810b637be3ab","name":"admins","image":{"@type":"ImageObject","inLanguage":"es","@id":"https:\/\/secure.gravatar.com\/avatar\/bbc67c27c20d4284c3e321e6aee926d9665cb03076289c28238cd24f1fb73309?s=96&d=mm&r=g","url":"https:\/\/secure.gravatar.com\/avatar\/bbc67c27c20d4284c3e321e6aee926d9665cb03076289c28238cd24f1fb73309?s=96&d=mm&r=g","contentUrl":"https:\/\/secure.gravatar.com\/avatar\/bbc67c27c20d4284c3e321e6aee926d9665cb03076289c28238cd24f1fb73309?s=96&d=mm&r=g","caption":"admins"},"sameAs":["https:\/\/barcelonaenmarxa.org"],"url":"https:\/\/barcelonaenmarxa.org\/es\/author\/admins\/"}]}},"_links":{"self":[{"href":"https:\/\/barcelonaenmarxa.org\/es\/wp-json\/wp\/v2\/posts\/952","targetHints":{"allow":["GET"]}}],"collection":[{"href":"https:\/\/barcelonaenmarxa.org\/es\/wp-json\/wp\/v2\/posts"}],"about":[{"href":"https:\/\/barcelonaenmarxa.org\/es\/wp-json\/wp\/v2\/types\/post"}],"author":[{"embeddable":true,"href":"https:\/\/barcelonaenmarxa.org\/es\/wp-json\/wp\/v2\/users\/1"}],"replies":[{"embeddable":true,"href":"https:\/\/barcelonaenmarxa.org\/es\/wp-json\/wp\/v2\/comments?post=952"}],"version-history":[{"count":0,"href":"https:\/\/barcelonaenmarxa.org\/es\/wp-json\/wp\/v2\/posts\/952\/revisions"}],"wp:featuredmedia":[{"embeddable":true,"href":"https:\/\/barcelonaenmarxa.org\/es\/wp-json\/wp\/v2\/media\/950"}],"wp:attachment":[{"href":"https:\/\/barcelonaenmarxa.org\/es\/wp-json\/wp\/v2\/media?parent=952"}],"wp:term":[{"taxonomy":"category","embeddable":true,"href":"https:\/\/barcelonaenmarxa.org\/es\/wp-json\/wp\/v2\/categories?post=952"},{"taxonomy":"post_tag","embeddable":true,"href":"https:\/\/barcelonaenmarxa.org\/es\/wp-json\/wp\/v2\/tags?post=952"}],"curies":[{"name":"wp","href":"https:\/\/api.w.org\/{rel}","templated":true}]}}