{"id":900,"date":"2019-11-04T13:30:35","date_gmt":"2019-11-04T12:30:35","guid":{"rendered":"http:\/\/barcelonaenmarxa.org\/comunicat-canvi-de-data\/"},"modified":"2019-11-04T13:30:35","modified_gmt":"2019-11-04T12:30:35","slug":"comunicado-cambio-fecha","status":"publish","type":"post","link":"https:\/\/barcelonaenmarxa.org\/es\/comunicado-cambio-fecha\/","title":{"rendered":"Comunicado cambio de fecha"},"content":{"rendered":"\n<p>Informamos que, por motivos ajenos a la organizaci\u00f3n, nos hemos visto obligados a cambiar la fecha de celebraci\u00f3n de la III edici\u00f3n de la Cursa AECC Barcelona en Marxa Contra el C\u00e1ncer, prevista para el 1 de diciembre de 2019. La nueva fecha fijada para el evento deportivo y solidario es el domingo 8 de diciembre, una semana despu\u00e9s.<\/p>\n\n\n\n<p>La agenda de eventos y manifestaciones recientes en Barcelona ha motivado cambios significativos en el calendario de carreras de la ciudad, derivando en la coincidencia de varias de las pruebas m\u00e1s emblem\u00e1ticas en el fin de semana del 1 de diciembre, como por ejemplo, la Cursa Bombers de Barcelona. Por este motivo, y teniendo en cuenta que hab\u00edan comprometidos recursos materiales, log\u00edsticos y de seguridad para varias de esas carreras y con el fin de garantizar la mejor realizaci\u00f3n posible, priorizando la disponibilidad de todas las partes implicadas, desde la AECC se ha decidido retrasar una semana la celebraci\u00f3n del evento.<\/p>\n\n\n\n<p>Pedimos disculpas por las molestias que este cambio pueda ocasionar. Conscientes de los inconvenientes por la modificaci\u00f3n de la fecha, facilitamos el siguiente correo electr\u00f3nico, para mitigar las molestias ocasionadas, solventar cualquier duda entre los afectados y ofrecer el reembolso a los participantes ya inscritos que as\u00ed lo quisieran:&nbsp;<a rel=\"noreferrer noopener\" href=\"mailto:info@aeccenmarxabarcelona.org?subject=Baja%20inscripci%C3%B3n\" target=\"_blank\">info@aeccenmarxabarcelona.org<\/a>.<\/p>\n\n\n\n<p>A continuaci\u00f3n, os explicamos los detalles para solicitar la baja de la inscripci\u00f3n:&nbsp;<\/p>\n\n\n\n<ol class=\"wp-block-list\"><li>Enviar un correo a&nbsp;<a href=\"mailto:info@aeccenmarxabarcelona.org?subject=Baja%20inscripci%C3%B3n\" target=\"_blank\" rel=\"noreferrer noopener\">info@aeccenmarxabarcelona.org<\/a>&nbsp;con el asunto: \u201cBaja inscripci\u00f3n\u201d.&nbsp;<strong>*<\/strong><\/li><li>Indicar nombre completo, apellidos, as\u00ed como, el n\u00famero de DNI\/NIE del participante que solicita la baja de la inscripci\u00f3n.<\/li><\/ol>\n\n\n\n<p><em><strong>*&nbsp;<\/strong>Se podr\u00e1 solicitar la baja de la inscripci\u00f3n hasta el pr\u00f3ximo lunes, 25 de noviembre de 2019.<br>El reembolso se har\u00e1 efectivo con fecha m\u00e1xima de 28 de noviembre de 2019.<\/em>&nbsp;<\/p>\n\n\n\n<p>De igual forma, a todos los participantes inscritos a fecha de 4 de noviembre, se les cambiar\u00e1 autom\u00e1ticamente la inscripci\u00f3n para el pr\u00f3ximo 8 de diciembre sin necesidad de enviar ning\u00fan correo electr\u00f3nico.&nbsp;<\/p>\n\n\n\n<p>Con motivo del cambio de fecha, las inscripciones quedar\u00e1n abiertas hasta agotar las plazas&nbsp;disponibles y se mantendr\u00e1 el descuento actualmente vigente durante todo el per\u00edodo de&nbsp;inscripci\u00f3n, fijando as\u00ed un precio de 15 \u20ac las distancias de 5 km y 10 km y 10 \u20ac la distancia de 2,5&nbsp;km.&nbsp;Finalmente, desde la AECC se quiere agradecer el apoyo y solidaridad de las personas que ya se hab\u00edan comprometido con el evento. <\/p>\n\n\n\n<p>Y se anima a los que a\u00fan no se han inscrito a formar parte de esta prueba deportiva, popular y solidaria que tiene como objetivo recaudar fondos para mejorar la vida de las personas con c\u00e1ncer y sus familiares y financiar la investigaci\u00f3n oncol\u00f3gica.<br>Juntos podemos dar la cara contra el c\u00e1ncer, que no cesa y no entiende de fechas.<\/p>\n","protected":false},"excerpt":{"rendered":"<p>Informamos que, por motivos ajenos a la organizaci\u00f3n, nos hemos visto obligados a cambiar la fecha de celebraci\u00f3n de la III edici\u00f3n de la Cursa AECC Barcelona en Marxa Contra&#8230;<\/p>\n","protected":false},"author":1,"featured_media":898,"comment_status":"closed","ping_status":"closed","sticky":false,"template":"","format":"standard","meta":{"_acf_changed":false,"inline_featured_image":false,"footnotes":""},"categories":[],"tags":[],"class_list":["post-900","post","type-post","status-publish","format-standard","has-post-thumbnail"],"acf":[],"yoast_head":"<!-- This site is optimized with the Yoast SEO plugin v27.2 - https:\/\/yoast.com\/product\/yoast-seo-wordpress\/ -->\n<title>Comunicado cambio de fecha - KM Contra el C\u00e0ncer<\/title>\n<meta name=\"robots\" content=\"noindex, follow, max-snippet:-1, max-image-preview:large, max-video-preview:-1\" \/>\n<meta property=\"og:locale\" content=\"es_ES\" \/>\n<meta property=\"og:type\" content=\"article\" \/>\n<meta property=\"og:title\" content=\"Comunicado cambio de fecha - KM Contra el C\u00e0ncer\" \/>\n<meta property=\"og:description\" content=\"Informamos que, por motivos ajenos a la organizaci\u00f3n, nos hemos visto obligados a cambiar la fecha de celebraci\u00f3n de la III edici\u00f3n de la Cursa AECC Barcelona en Marxa Contra...\" \/>\n<meta property=\"og:url\" content=\"https:\/\/barcelonaenmarxa.org\/es\/comunicado-cambio-fecha\/\" \/>\n<meta property=\"og:site_name\" content=\"KM Contra el C\u00e0ncer\" \/>\n<meta property=\"article:published_time\" content=\"2019-11-04T12:30:35+00:00\" \/>\n<meta property=\"og:image\" content=\"https:\/\/barcelonaenmarxa.org\/wp-content\/uploads\/2019\/11\/WhatsApp-Image-2019-11-04-at-13.03.56.jpeg\" \/>\n\t<meta property=\"og:image:width\" content=\"1400\" \/>\n\t<meta property=\"og:image:height\" content=\"934\" \/>\n\t<meta property=\"og:image:type\" content=\"image\/jpeg\" \/>\n<meta name=\"author\" content=\"admins\" \/>\n<meta name=\"twitter:card\" content=\"summary_large_image\" \/>\n<meta name=\"twitter:label1\" content=\"Escrito por\" \/>\n\t<meta name=\"twitter:data1\" content=\"admins\" \/>\n\t<meta name=\"twitter:label2\" content=\"Tiempo de lectura\" \/>\n\t<meta name=\"twitter:data2\" content=\"2 minutos\" \/>\n<script type=\"application\/ld+json\" class=\"yoast-schema-graph\">{\"@context\":\"https:\/\/schema.org\",\"@graph\":[{\"@type\":\"Article\",\"@id\":\"https:\/\/barcelonaenmarxa.org\/es\/comunicado-cambio-fecha\/#article\",\"isPartOf\":{\"@id\":\"https:\/\/barcelonaenmarxa.org\/es\/comunicado-cambio-fecha\/\"},\"author\":{\"name\":\"admins\",\"@id\":\"https:\/\/barcelonaenmarxa.org\/es\/#\/schema\/person\/104ad03ec3078da01ca2810b637be3ab\"},\"headline\":\"Comunicado cambio de fecha\",\"datePublished\":\"2019-11-04T12:30:35+00:00\",\"mainEntityOfPage\":{\"@id\":\"https:\/\/barcelonaenmarxa.org\/es\/comunicado-cambio-fecha\/\"},\"wordCount\":488,\"publisher\":{\"@id\":\"https:\/\/barcelonaenmarxa.org\/es\/#organization\"},\"image\":{\"@id\":\"https:\/\/barcelonaenmarxa.org\/es\/comunicado-cambio-fecha\/#primaryimage\"},\"thumbnailUrl\":\"https:\/\/barcelonaenmarxa.org\/wp-content\/uploads\/2019\/11\/WhatsApp-Image-2019-11-04-at-13.03.56.jpeg\",\"inLanguage\":\"es\"},{\"@type\":\"WebPage\",\"@id\":\"https:\/\/barcelonaenmarxa.org\/es\/comunicado-cambio-fecha\/\",\"url\":\"https:\/\/barcelonaenmarxa.org\/es\/comunicado-cambio-fecha\/\",\"name\":\"Comunicado cambio de fecha - KM Contra el C\u00e0ncer\",\"isPartOf\":{\"@id\":\"https:\/\/barcelonaenmarxa.org\/es\/#website\"},\"primaryImageOfPage\":{\"@id\":\"https:\/\/barcelonaenmarxa.org\/es\/comunicado-cambio-fecha\/#primaryimage\"},\"image\":{\"@id\":\"https:\/\/barcelonaenmarxa.org\/es\/comunicado-cambio-fecha\/#primaryimage\"},\"thumbnailUrl\":\"https:\/\/barcelonaenmarxa.org\/wp-content\/uploads\/2019\/11\/WhatsApp-Image-2019-11-04-at-13.03.56.jpeg\",\"datePublished\":\"2019-11-04T12:30:35+00:00\",\"breadcrumb\":{\"@id\":\"https:\/\/barcelonaenmarxa.org\/es\/comunicado-cambio-fecha\/#breadcrumb\"},\"inLanguage\":\"es\",\"potentialAction\":[{\"@type\":\"ReadAction\",\"target\":[\"https:\/\/barcelonaenmarxa.org\/es\/comunicado-cambio-fecha\/\"]}]},{\"@type\":\"ImageObject\",\"inLanguage\":\"es\",\"@id\":\"https:\/\/barcelonaenmarxa.org\/es\/comunicado-cambio-fecha\/#primaryimage\",\"url\":\"https:\/\/barcelonaenmarxa.org\/wp-content\/uploads\/2019\/11\/WhatsApp-Image-2019-11-04-at-13.03.56.jpeg\",\"contentUrl\":\"https:\/\/barcelonaenmarxa.org\/wp-content\/uploads\/2019\/11\/WhatsApp-Image-2019-11-04-at-13.03.56.jpeg\",\"width\":1400,\"height\":934},{\"@type\":\"BreadcrumbList\",\"@id\":\"https:\/\/barcelonaenmarxa.org\/es\/comunicado-cambio-fecha\/#breadcrumb\",\"itemListElement\":[{\"@type\":\"ListItem\",\"position\":1,\"name\":\"Portada\",\"item\":\"https:\/\/barcelonaenmarxa.org\/es\/inicio\/\"},{\"@type\":\"ListItem\",\"position\":2,\"name\":\"Comunicado cambio de fecha\"}]},{\"@type\":\"WebSite\",\"@id\":\"https:\/\/barcelonaenmarxa.org\/es\/#website\",\"url\":\"https:\/\/barcelonaenmarxa.org\/es\/\",\"name\":\"KM Contra El C\u00e0ncer\",\"description\":\"\",\"publisher\":{\"@id\":\"https:\/\/barcelonaenmarxa.org\/es\/#organization\"},\"potentialAction\":[{\"@type\":\"SearchAction\",\"target\":{\"@type\":\"EntryPoint\",\"urlTemplate\":\"https:\/\/barcelonaenmarxa.org\/es\/?s={search_term_string}\"},\"query-input\":{\"@type\":\"PropertyValueSpecification\",\"valueRequired\":true,\"valueName\":\"search_term_string\"}}],\"inLanguage\":\"es\"},{\"@type\":\"Organization\",\"@id\":\"https:\/\/barcelonaenmarxa.org\/es\/#organization\",\"name\":\"Associaci\u00f3 contra el c\u00e0ncer a Barcelona\",\"url\":\"https:\/\/barcelonaenmarxa.org\/es\/\",\"logo\":{\"@type\":\"ImageObject\",\"inLanguage\":\"es\",\"@id\":\"https:\/\/barcelonaenmarxa.org\/es\/#\/schema\/logo\/image\/\",\"url\":\"https:\/\/barcelonaenmarxa.org\/wp-content\/uploads\/2026\/03\/logo-acc-bcn-light-bg.svg\",\"contentUrl\":\"https:\/\/barcelonaenmarxa.org\/wp-content\/uploads\/2026\/03\/logo-acc-bcn-light-bg.svg\",\"width\":\"1024\",\"height\":\"1024\",\"caption\":\"Associaci\u00f3 contra el c\u00e0ncer a Barcelona\"},\"image\":{\"@id\":\"https:\/\/barcelonaenmarxa.org\/es\/#\/schema\/logo\/image\/\"}},{\"@type\":\"Person\",\"@id\":\"https:\/\/barcelonaenmarxa.org\/es\/#\/schema\/person\/104ad03ec3078da01ca2810b637be3ab\",\"name\":\"admins\",\"image\":{\"@type\":\"ImageObject\",\"inLanguage\":\"es\",\"@id\":\"https:\/\/secure.gravatar.com\/avatar\/bbc67c27c20d4284c3e321e6aee926d9665cb03076289c28238cd24f1fb73309?s=96&d=mm&r=g\",\"url\":\"https:\/\/secure.gravatar.com\/avatar\/bbc67c27c20d4284c3e321e6aee926d9665cb03076289c28238cd24f1fb73309?s=96&d=mm&r=g\",\"contentUrl\":\"https:\/\/secure.gravatar.com\/avatar\/bbc67c27c20d4284c3e321e6aee926d9665cb03076289c28238cd24f1fb73309?s=96&d=mm&r=g\",\"caption\":\"admins\"},\"sameAs\":[\"https:\/\/barcelonaenmarxa.org\"],\"url\":\"https:\/\/barcelonaenmarxa.org\/es\/author\/admins\/\"}]}<\/script>\n<!-- \/ Yoast SEO plugin. -->","yoast_head_json":{"title":"Comunicado cambio de fecha - KM Contra el C\u00e0ncer","robots":{"index":"noindex","follow":"follow","max-snippet":"max-snippet:-1","max-image-preview":"max-image-preview:large","max-video-preview":"max-video-preview:-1"},"og_locale":"es_ES","og_type":"article","og_title":"Comunicado cambio de fecha - KM Contra el C\u00e0ncer","og_description":"Informamos que, por motivos ajenos a la organizaci\u00f3n, nos hemos visto obligados a cambiar la fecha de celebraci\u00f3n de la III edici\u00f3n de la Cursa AECC Barcelona en Marxa Contra...","og_url":"https:\/\/barcelonaenmarxa.org\/es\/comunicado-cambio-fecha\/","og_site_name":"KM Contra el C\u00e0ncer","article_published_time":"2019-11-04T12:30:35+00:00","og_image":[{"width":1400,"height":934,"url":"https:\/\/barcelonaenmarxa.org\/wp-content\/uploads\/2019\/11\/WhatsApp-Image-2019-11-04-at-13.03.56.jpeg","type":"image\/jpeg"}],"author":"admins","twitter_card":"summary_large_image","twitter_misc":{"Escrito por":"admins","Tiempo de lectura":"2 minutos"},"schema":{"@context":"https:\/\/schema.org","@graph":[{"@type":"Article","@id":"https:\/\/barcelonaenmarxa.org\/es\/comunicado-cambio-fecha\/#article","isPartOf":{"@id":"https:\/\/barcelonaenmarxa.org\/es\/comunicado-cambio-fecha\/"},"author":{"name":"admins","@id":"https:\/\/barcelonaenmarxa.org\/es\/#\/schema\/person\/104ad03ec3078da01ca2810b637be3ab"},"headline":"Comunicado cambio de fecha","datePublished":"2019-11-04T12:30:35+00:00","mainEntityOfPage":{"@id":"https:\/\/barcelonaenmarxa.org\/es\/comunicado-cambio-fecha\/"},"wordCount":488,"publisher":{"@id":"https:\/\/barcelonaenmarxa.org\/es\/#organization"},"image":{"@id":"https:\/\/barcelonaenmarxa.org\/es\/comunicado-cambio-fecha\/#primaryimage"},"thumbnailUrl":"https:\/\/barcelonaenmarxa.org\/wp-content\/uploads\/2019\/11\/WhatsApp-Image-2019-11-04-at-13.03.56.jpeg","inLanguage":"es"},{"@type":"WebPage","@id":"https:\/\/barcelonaenmarxa.org\/es\/comunicado-cambio-fecha\/","url":"https:\/\/barcelonaenmarxa.org\/es\/comunicado-cambio-fecha\/","name":"Comunicado cambio de fecha - KM Contra el C\u00e0ncer","isPartOf":{"@id":"https:\/\/barcelonaenmarxa.org\/es\/#website"},"primaryImageOfPage":{"@id":"https:\/\/barcelonaenmarxa.org\/es\/comunicado-cambio-fecha\/#primaryimage"},"image":{"@id":"https:\/\/barcelonaenmarxa.org\/es\/comunicado-cambio-fecha\/#primaryimage"},"thumbnailUrl":"https:\/\/barcelonaenmarxa.org\/wp-content\/uploads\/2019\/11\/WhatsApp-Image-2019-11-04-at-13.03.56.jpeg","datePublished":"2019-11-04T12:30:35+00:00","breadcrumb":{"@id":"https:\/\/barcelonaenmarxa.org\/es\/comunicado-cambio-fecha\/#breadcrumb"},"inLanguage":"es","potentialAction":[{"@type":"ReadAction","target":["https:\/\/barcelonaenmarxa.org\/es\/comunicado-cambio-fecha\/"]}]},{"@type":"ImageObject","inLanguage":"es","@id":"https:\/\/barcelonaenmarxa.org\/es\/comunicado-cambio-fecha\/#primaryimage","url":"https:\/\/barcelonaenmarxa.org\/wp-content\/uploads\/2019\/11\/WhatsApp-Image-2019-11-04-at-13.03.56.jpeg","contentUrl":"https:\/\/barcelonaenmarxa.org\/wp-content\/uploads\/2019\/11\/WhatsApp-Image-2019-11-04-at-13.03.56.jpeg","width":1400,"height":934},{"@type":"BreadcrumbList","@id":"https:\/\/barcelonaenmarxa.org\/es\/comunicado-cambio-fecha\/#breadcrumb","itemListElement":[{"@type":"ListItem","position":1,"name":"Portada","item":"https:\/\/barcelonaenmarxa.org\/es\/inicio\/"},{"@type":"ListItem","position":2,"name":"Comunicado cambio de fecha"}]},{"@type":"WebSite","@id":"https:\/\/barcelonaenmarxa.org\/es\/#website","url":"https:\/\/barcelonaenmarxa.org\/es\/","name":"KM Contra El C\u00e0ncer","description":"","publisher":{"@id":"https:\/\/barcelonaenmarxa.org\/es\/#organization"},"potentialAction":[{"@type":"SearchAction","target":{"@type":"EntryPoint","urlTemplate":"https:\/\/barcelonaenmarxa.org\/es\/?s={search_term_string}"},"query-input":{"@type":"PropertyValueSpecification","valueRequired":true,"valueName":"search_term_string"}}],"inLanguage":"es"},{"@type":"Organization","@id":"https:\/\/barcelonaenmarxa.org\/es\/#organization","name":"Associaci\u00f3 contra el c\u00e0ncer a Barcelona","url":"https:\/\/barcelonaenmarxa.org\/es\/","logo":{"@type":"ImageObject","inLanguage":"es","@id":"https:\/\/barcelonaenmarxa.org\/es\/#\/schema\/logo\/image\/","url":"https:\/\/barcelonaenmarxa.org\/wp-content\/uploads\/2026\/03\/logo-acc-bcn-light-bg.svg","contentUrl":"https:\/\/barcelonaenmarxa.org\/wp-content\/uploads\/2026\/03\/logo-acc-bcn-light-bg.svg","width":"1024","height":"1024","caption":"Associaci\u00f3 contra el c\u00e0ncer a Barcelona"},"image":{"@id":"https:\/\/barcelonaenmarxa.org\/es\/#\/schema\/logo\/image\/"}},{"@type":"Person","@id":"https:\/\/barcelonaenmarxa.org\/es\/#\/schema\/person\/104ad03ec3078da01ca2810b637be3ab","name":"admins","image":{"@type":"ImageObject","inLanguage":"es","@id":"https:\/\/secure.gravatar.com\/avatar\/bbc67c27c20d4284c3e321e6aee926d9665cb03076289c28238cd24f1fb73309?s=96&d=mm&r=g","url":"https:\/\/secure.gravatar.com\/avatar\/bbc67c27c20d4284c3e321e6aee926d9665cb03076289c28238cd24f1fb73309?s=96&d=mm&r=g","contentUrl":"https:\/\/secure.gravatar.com\/avatar\/bbc67c27c20d4284c3e321e6aee926d9665cb03076289c28238cd24f1fb73309?s=96&d=mm&r=g","caption":"admins"},"sameAs":["https:\/\/barcelonaenmarxa.org"],"url":"https:\/\/barcelonaenmarxa.org\/es\/author\/admins\/"}]}},"_links":{"self":[{"href":"https:\/\/barcelonaenmarxa.org\/es\/wp-json\/wp\/v2\/posts\/900","targetHints":{"allow":["GET"]}}],"collection":[{"href":"https:\/\/barcelonaenmarxa.org\/es\/wp-json\/wp\/v2\/posts"}],"about":[{"href":"https:\/\/barcelonaenmarxa.org\/es\/wp-json\/wp\/v2\/types\/post"}],"author":[{"embeddable":true,"href":"https:\/\/barcelonaenmarxa.org\/es\/wp-json\/wp\/v2\/users\/1"}],"replies":[{"embeddable":true,"href":"https:\/\/barcelonaenmarxa.org\/es\/wp-json\/wp\/v2\/comments?post=900"}],"version-history":[{"count":0,"href":"https:\/\/barcelonaenmarxa.org\/es\/wp-json\/wp\/v2\/posts\/900\/revisions"}],"wp:featuredmedia":[{"embeddable":true,"href":"https:\/\/barcelonaenmarxa.org\/es\/wp-json\/wp\/v2\/media\/898"}],"wp:attachment":[{"href":"https:\/\/barcelonaenmarxa.org\/es\/wp-json\/wp\/v2\/media?parent=900"}],"wp:term":[{"taxonomy":"category","embeddable":true,"href":"https:\/\/barcelonaenmarxa.org\/es\/wp-json\/wp\/v2\/categories?post=900"},{"taxonomy":"post_tag","embeddable":true,"href":"https:\/\/barcelonaenmarxa.org\/es\/wp-json\/wp\/v2\/tags?post=900"}],"curies":[{"name":"wp","href":"https:\/\/api.w.org\/{rel}","templated":true}]}}