{"id":882,"date":"2019-10-29T09:02:14","date_gmt":"2019-10-29T08:02:14","guid":{"rendered":"http:\/\/barcelonaenmarxa.org\/?p=882"},"modified":"2019-10-29T09:02:14","modified_gmt":"2019-10-29T08:02:14","slug":"ya-tenemos-ganadores-del-sorteo","status":"publish","type":"post","link":"https:\/\/barcelonaenmarxa.org\/es\/ya-tenemos-ganadores-del-sorteo\/","title":{"rendered":"\u00a1Ya tenemos ganadores del sorteo!"},"content":{"rendered":"\n<p>El\n1 de diciembre tendr\u00e1 lugar la III Carrera AEEC Barcelona en marcha contra el\nc\u00e1ncer.&nbsp; Todas aquellas personas que se\ninscribieron antes del 27 de octubre han entrado en el sorteo de dos gafas\nRayBan, gentileza de nuestro colaborador FarmaOptics. <\/p>\n\n\n\n<p>Tras\nrealizar el sorteo con <em>Easypromos<\/em> ya conocemos el nombre de los dos\nganadores:<\/p>\n\n\n\n<ol class=\"wp-block-list\"><li>Anna Sancho&nbsp;<\/li><li>Raquel\nExp\u00f3sito Torrejimeno<\/li><\/ol>\n\n\n\n<p>\u00a1Enhorabuena,\nya son vuestras estas magn\u00edficas gafas! Pronto nos pondremos en contacto con\nvosotras para hac\u00e9roslas llegar.<\/p>\n\n\n\n<p>Muchas\ngracias a todos los que hab\u00e9is participado, recordad que si todav\u00eda no os\nhab\u00e9is inscrito a\u00fan est\u00e1is a tiempo. No os perd\u00e1is esta carrera solidaria con\nla finalidad de recaudar fondos para la investigaci\u00f3n de la lucha contra el c\u00e1ncer.\nOs esperamos a todos el 1 de diciembre en el Parc del F\u00f3rum&nbsp; las 9:30h. <\/p>\n","protected":false},"excerpt":{"rendered":"<p>El 1 de diciembre tendr\u00e1 lugar la III Carrera AEEC Barcelona en marcha contra el c\u00e1ncer.&nbsp; Todas aquellas personas que se inscribieron antes del 27 de octubre han entrado en&#8230;<\/p>\n","protected":false},"author":1,"featured_media":812,"comment_status":"closed","ping_status":"closed","sticky":false,"template":"","format":"standard","meta":{"_acf_changed":false,"inline_featured_image":false,"footnotes":""},"categories":[],"tags":[],"class_list":["post-882","post","type-post","status-publish","format-standard","has-post-thumbnail"],"acf":[],"yoast_head":"<!-- This site is optimized with the Yoast SEO plugin v27.2 - https:\/\/yoast.com\/product\/yoast-seo-wordpress\/ -->\n<title>\u00a1Ya tenemos ganadores del sorteo! - KM Contra el C\u00e0ncer<\/title>\n<meta name=\"robots\" content=\"noindex, follow, max-snippet:-1, max-image-preview:large, max-video-preview:-1\" \/>\n<meta property=\"og:locale\" content=\"es_ES\" \/>\n<meta property=\"og:type\" content=\"article\" \/>\n<meta property=\"og:title\" content=\"\u00a1Ya tenemos ganadores del sorteo! - KM Contra el C\u00e0ncer\" \/>\n<meta property=\"og:description\" content=\"El 1 de diciembre tendr\u00e1 lugar la III Carrera AEEC Barcelona en marcha contra el c\u00e1ncer.&nbsp; Todas aquellas personas que se inscribieron antes del 27 de octubre han entrado en...\" \/>\n<meta property=\"og:url\" content=\"https:\/\/barcelonaenmarxa.org\/es\/ya-tenemos-ganadores-del-sorteo\/\" \/>\n<meta property=\"og:site_name\" content=\"KM Contra el C\u00e0ncer\" \/>\n<meta property=\"article:published_time\" content=\"2019-10-29T08:02:14+00:00\" \/>\n<meta property=\"og:image\" content=\"https:\/\/barcelonaenmarxa.org\/wp-content\/uploads\/2019\/10\/post_instagram_gafas-01.jpg\" \/>\n\t<meta property=\"og:image:width\" content=\"1127\" \/>\n\t<meta property=\"og:image:height\" content=\"1128\" \/>\n\t<meta property=\"og:image:type\" content=\"image\/jpeg\" \/>\n<meta name=\"author\" content=\"admins\" \/>\n<meta name=\"twitter:card\" content=\"summary_large_image\" \/>\n<meta name=\"twitter:label1\" content=\"Escrito por\" \/>\n\t<meta name=\"twitter:data1\" content=\"admins\" \/>\n\t<meta name=\"twitter:label2\" content=\"Tiempo de lectura\" \/>\n\t<meta name=\"twitter:data2\" content=\"1 minuto\" \/>\n<script type=\"application\/ld+json\" class=\"yoast-schema-graph\">{\"@context\":\"https:\/\/schema.org\",\"@graph\":[{\"@type\":\"Article\",\"@id\":\"https:\/\/barcelonaenmarxa.org\/es\/ya-tenemos-ganadores-del-sorteo\/#article\",\"isPartOf\":{\"@id\":\"https:\/\/barcelonaenmarxa.org\/es\/ya-tenemos-ganadores-del-sorteo\/\"},\"author\":{\"name\":\"admins\",\"@id\":\"https:\/\/barcelonaenmarxa.org\/es\/#\/schema\/person\/104ad03ec3078da01ca2810b637be3ab\"},\"headline\":\"\u00a1Ya tenemos ganadores del sorteo!\",\"datePublished\":\"2019-10-29T08:02:14+00:00\",\"mainEntityOfPage\":{\"@id\":\"https:\/\/barcelonaenmarxa.org\/es\/ya-tenemos-ganadores-del-sorteo\/\"},\"wordCount\":151,\"publisher\":{\"@id\":\"https:\/\/barcelonaenmarxa.org\/es\/#organization\"},\"image\":{\"@id\":\"https:\/\/barcelonaenmarxa.org\/es\/ya-tenemos-ganadores-del-sorteo\/#primaryimage\"},\"thumbnailUrl\":\"https:\/\/barcelonaenmarxa.org\/wp-content\/uploads\/2019\/10\/post_instagram_gafas-01.jpg\",\"inLanguage\":\"es\"},{\"@type\":\"WebPage\",\"@id\":\"https:\/\/barcelonaenmarxa.org\/es\/ya-tenemos-ganadores-del-sorteo\/\",\"url\":\"https:\/\/barcelonaenmarxa.org\/es\/ya-tenemos-ganadores-del-sorteo\/\",\"name\":\"\u00a1Ya tenemos ganadores del sorteo! - KM Contra el C\u00e0ncer\",\"isPartOf\":{\"@id\":\"https:\/\/barcelonaenmarxa.org\/es\/#website\"},\"primaryImageOfPage\":{\"@id\":\"https:\/\/barcelonaenmarxa.org\/es\/ya-tenemos-ganadores-del-sorteo\/#primaryimage\"},\"image\":{\"@id\":\"https:\/\/barcelonaenmarxa.org\/es\/ya-tenemos-ganadores-del-sorteo\/#primaryimage\"},\"thumbnailUrl\":\"https:\/\/barcelonaenmarxa.org\/wp-content\/uploads\/2019\/10\/post_instagram_gafas-01.jpg\",\"datePublished\":\"2019-10-29T08:02:14+00:00\",\"breadcrumb\":{\"@id\":\"https:\/\/barcelonaenmarxa.org\/es\/ya-tenemos-ganadores-del-sorteo\/#breadcrumb\"},\"inLanguage\":\"es\",\"potentialAction\":[{\"@type\":\"ReadAction\",\"target\":[\"https:\/\/barcelonaenmarxa.org\/es\/ya-tenemos-ganadores-del-sorteo\/\"]}]},{\"@type\":\"ImageObject\",\"inLanguage\":\"es\",\"@id\":\"https:\/\/barcelonaenmarxa.org\/es\/ya-tenemos-ganadores-del-sorteo\/#primaryimage\",\"url\":\"https:\/\/barcelonaenmarxa.org\/wp-content\/uploads\/2019\/10\/post_instagram_gafas-01.jpg\",\"contentUrl\":\"https:\/\/barcelonaenmarxa.org\/wp-content\/uploads\/2019\/10\/post_instagram_gafas-01.jpg\",\"width\":1127,\"height\":1128},{\"@type\":\"BreadcrumbList\",\"@id\":\"https:\/\/barcelonaenmarxa.org\/es\/ya-tenemos-ganadores-del-sorteo\/#breadcrumb\",\"itemListElement\":[{\"@type\":\"ListItem\",\"position\":1,\"name\":\"Portada\",\"item\":\"https:\/\/barcelonaenmarxa.org\/es\/inicio\/\"},{\"@type\":\"ListItem\",\"position\":2,\"name\":\"\u00a1Ya tenemos ganadores del sorteo!\"}]},{\"@type\":\"WebSite\",\"@id\":\"https:\/\/barcelonaenmarxa.org\/es\/#website\",\"url\":\"https:\/\/barcelonaenmarxa.org\/es\/\",\"name\":\"KM Contra El C\u00e0ncer\",\"description\":\"\",\"publisher\":{\"@id\":\"https:\/\/barcelonaenmarxa.org\/es\/#organization\"},\"potentialAction\":[{\"@type\":\"SearchAction\",\"target\":{\"@type\":\"EntryPoint\",\"urlTemplate\":\"https:\/\/barcelonaenmarxa.org\/es\/?s={search_term_string}\"},\"query-input\":{\"@type\":\"PropertyValueSpecification\",\"valueRequired\":true,\"valueName\":\"search_term_string\"}}],\"inLanguage\":\"es\"},{\"@type\":\"Organization\",\"@id\":\"https:\/\/barcelonaenmarxa.org\/es\/#organization\",\"name\":\"Associaci\u00f3 contra el c\u00e0ncer a Barcelona\",\"url\":\"https:\/\/barcelonaenmarxa.org\/es\/\",\"logo\":{\"@type\":\"ImageObject\",\"inLanguage\":\"es\",\"@id\":\"https:\/\/barcelonaenmarxa.org\/es\/#\/schema\/logo\/image\/\",\"url\":\"https:\/\/barcelonaenmarxa.org\/wp-content\/uploads\/2026\/03\/logo-acc-bcn-light-bg.svg\",\"contentUrl\":\"https:\/\/barcelonaenmarxa.org\/wp-content\/uploads\/2026\/03\/logo-acc-bcn-light-bg.svg\",\"width\":\"1024\",\"height\":\"1024\",\"caption\":\"Associaci\u00f3 contra el c\u00e0ncer a Barcelona\"},\"image\":{\"@id\":\"https:\/\/barcelonaenmarxa.org\/es\/#\/schema\/logo\/image\/\"}},{\"@type\":\"Person\",\"@id\":\"https:\/\/barcelonaenmarxa.org\/es\/#\/schema\/person\/104ad03ec3078da01ca2810b637be3ab\",\"name\":\"admins\",\"image\":{\"@type\":\"ImageObject\",\"inLanguage\":\"es\",\"@id\":\"https:\/\/secure.gravatar.com\/avatar\/bbc67c27c20d4284c3e321e6aee926d9665cb03076289c28238cd24f1fb73309?s=96&d=mm&r=g\",\"url\":\"https:\/\/secure.gravatar.com\/avatar\/bbc67c27c20d4284c3e321e6aee926d9665cb03076289c28238cd24f1fb73309?s=96&d=mm&r=g\",\"contentUrl\":\"https:\/\/secure.gravatar.com\/avatar\/bbc67c27c20d4284c3e321e6aee926d9665cb03076289c28238cd24f1fb73309?s=96&d=mm&r=g\",\"caption\":\"admins\"},\"sameAs\":[\"https:\/\/barcelonaenmarxa.org\"],\"url\":\"https:\/\/barcelonaenmarxa.org\/es\/author\/admins\/\"}]}<\/script>\n<!-- \/ Yoast SEO plugin. -->","yoast_head_json":{"title":"\u00a1Ya tenemos ganadores del sorteo! - KM Contra el C\u00e0ncer","robots":{"index":"noindex","follow":"follow","max-snippet":"max-snippet:-1","max-image-preview":"max-image-preview:large","max-video-preview":"max-video-preview:-1"},"og_locale":"es_ES","og_type":"article","og_title":"\u00a1Ya tenemos ganadores del sorteo! - KM Contra el C\u00e0ncer","og_description":"El 1 de diciembre tendr\u00e1 lugar la III Carrera AEEC Barcelona en marcha contra el c\u00e1ncer.&nbsp; Todas aquellas personas que se inscribieron antes del 27 de octubre han entrado en...","og_url":"https:\/\/barcelonaenmarxa.org\/es\/ya-tenemos-ganadores-del-sorteo\/","og_site_name":"KM Contra el C\u00e0ncer","article_published_time":"2019-10-29T08:02:14+00:00","og_image":[{"width":1127,"height":1128,"url":"https:\/\/barcelonaenmarxa.org\/wp-content\/uploads\/2019\/10\/post_instagram_gafas-01.jpg","type":"image\/jpeg"}],"author":"admins","twitter_card":"summary_large_image","twitter_misc":{"Escrito por":"admins","Tiempo de lectura":"1 minuto"},"schema":{"@context":"https:\/\/schema.org","@graph":[{"@type":"Article","@id":"https:\/\/barcelonaenmarxa.org\/es\/ya-tenemos-ganadores-del-sorteo\/#article","isPartOf":{"@id":"https:\/\/barcelonaenmarxa.org\/es\/ya-tenemos-ganadores-del-sorteo\/"},"author":{"name":"admins","@id":"https:\/\/barcelonaenmarxa.org\/es\/#\/schema\/person\/104ad03ec3078da01ca2810b637be3ab"},"headline":"\u00a1Ya tenemos ganadores del sorteo!","datePublished":"2019-10-29T08:02:14+00:00","mainEntityOfPage":{"@id":"https:\/\/barcelonaenmarxa.org\/es\/ya-tenemos-ganadores-del-sorteo\/"},"wordCount":151,"publisher":{"@id":"https:\/\/barcelonaenmarxa.org\/es\/#organization"},"image":{"@id":"https:\/\/barcelonaenmarxa.org\/es\/ya-tenemos-ganadores-del-sorteo\/#primaryimage"},"thumbnailUrl":"https:\/\/barcelonaenmarxa.org\/wp-content\/uploads\/2019\/10\/post_instagram_gafas-01.jpg","inLanguage":"es"},{"@type":"WebPage","@id":"https:\/\/barcelonaenmarxa.org\/es\/ya-tenemos-ganadores-del-sorteo\/","url":"https:\/\/barcelonaenmarxa.org\/es\/ya-tenemos-ganadores-del-sorteo\/","name":"\u00a1Ya tenemos ganadores del sorteo! - KM Contra el C\u00e0ncer","isPartOf":{"@id":"https:\/\/barcelonaenmarxa.org\/es\/#website"},"primaryImageOfPage":{"@id":"https:\/\/barcelonaenmarxa.org\/es\/ya-tenemos-ganadores-del-sorteo\/#primaryimage"},"image":{"@id":"https:\/\/barcelonaenmarxa.org\/es\/ya-tenemos-ganadores-del-sorteo\/#primaryimage"},"thumbnailUrl":"https:\/\/barcelonaenmarxa.org\/wp-content\/uploads\/2019\/10\/post_instagram_gafas-01.jpg","datePublished":"2019-10-29T08:02:14+00:00","breadcrumb":{"@id":"https:\/\/barcelonaenmarxa.org\/es\/ya-tenemos-ganadores-del-sorteo\/#breadcrumb"},"inLanguage":"es","potentialAction":[{"@type":"ReadAction","target":["https:\/\/barcelonaenmarxa.org\/es\/ya-tenemos-ganadores-del-sorteo\/"]}]},{"@type":"ImageObject","inLanguage":"es","@id":"https:\/\/barcelonaenmarxa.org\/es\/ya-tenemos-ganadores-del-sorteo\/#primaryimage","url":"https:\/\/barcelonaenmarxa.org\/wp-content\/uploads\/2019\/10\/post_instagram_gafas-01.jpg","contentUrl":"https:\/\/barcelonaenmarxa.org\/wp-content\/uploads\/2019\/10\/post_instagram_gafas-01.jpg","width":1127,"height":1128},{"@type":"BreadcrumbList","@id":"https:\/\/barcelonaenmarxa.org\/es\/ya-tenemos-ganadores-del-sorteo\/#breadcrumb","itemListElement":[{"@type":"ListItem","position":1,"name":"Portada","item":"https:\/\/barcelonaenmarxa.org\/es\/inicio\/"},{"@type":"ListItem","position":2,"name":"\u00a1Ya tenemos ganadores del sorteo!"}]},{"@type":"WebSite","@id":"https:\/\/barcelonaenmarxa.org\/es\/#website","url":"https:\/\/barcelonaenmarxa.org\/es\/","name":"KM Contra El C\u00e0ncer","description":"","publisher":{"@id":"https:\/\/barcelonaenmarxa.org\/es\/#organization"},"potentialAction":[{"@type":"SearchAction","target":{"@type":"EntryPoint","urlTemplate":"https:\/\/barcelonaenmarxa.org\/es\/?s={search_term_string}"},"query-input":{"@type":"PropertyValueSpecification","valueRequired":true,"valueName":"search_term_string"}}],"inLanguage":"es"},{"@type":"Organization","@id":"https:\/\/barcelonaenmarxa.org\/es\/#organization","name":"Associaci\u00f3 contra el c\u00e0ncer a Barcelona","url":"https:\/\/barcelonaenmarxa.org\/es\/","logo":{"@type":"ImageObject","inLanguage":"es","@id":"https:\/\/barcelonaenmarxa.org\/es\/#\/schema\/logo\/image\/","url":"https:\/\/barcelonaenmarxa.org\/wp-content\/uploads\/2026\/03\/logo-acc-bcn-light-bg.svg","contentUrl":"https:\/\/barcelonaenmarxa.org\/wp-content\/uploads\/2026\/03\/logo-acc-bcn-light-bg.svg","width":"1024","height":"1024","caption":"Associaci\u00f3 contra el c\u00e0ncer a Barcelona"},"image":{"@id":"https:\/\/barcelonaenmarxa.org\/es\/#\/schema\/logo\/image\/"}},{"@type":"Person","@id":"https:\/\/barcelonaenmarxa.org\/es\/#\/schema\/person\/104ad03ec3078da01ca2810b637be3ab","name":"admins","image":{"@type":"ImageObject","inLanguage":"es","@id":"https:\/\/secure.gravatar.com\/avatar\/bbc67c27c20d4284c3e321e6aee926d9665cb03076289c28238cd24f1fb73309?s=96&d=mm&r=g","url":"https:\/\/secure.gravatar.com\/avatar\/bbc67c27c20d4284c3e321e6aee926d9665cb03076289c28238cd24f1fb73309?s=96&d=mm&r=g","contentUrl":"https:\/\/secure.gravatar.com\/avatar\/bbc67c27c20d4284c3e321e6aee926d9665cb03076289c28238cd24f1fb73309?s=96&d=mm&r=g","caption":"admins"},"sameAs":["https:\/\/barcelonaenmarxa.org"],"url":"https:\/\/barcelonaenmarxa.org\/es\/author\/admins\/"}]}},"_links":{"self":[{"href":"https:\/\/barcelonaenmarxa.org\/es\/wp-json\/wp\/v2\/posts\/882","targetHints":{"allow":["GET"]}}],"collection":[{"href":"https:\/\/barcelonaenmarxa.org\/es\/wp-json\/wp\/v2\/posts"}],"about":[{"href":"https:\/\/barcelonaenmarxa.org\/es\/wp-json\/wp\/v2\/types\/post"}],"author":[{"embeddable":true,"href":"https:\/\/barcelonaenmarxa.org\/es\/wp-json\/wp\/v2\/users\/1"}],"replies":[{"embeddable":true,"href":"https:\/\/barcelonaenmarxa.org\/es\/wp-json\/wp\/v2\/comments?post=882"}],"version-history":[{"count":0,"href":"https:\/\/barcelonaenmarxa.org\/es\/wp-json\/wp\/v2\/posts\/882\/revisions"}],"wp:featuredmedia":[{"embeddable":true,"href":"https:\/\/barcelonaenmarxa.org\/es\/wp-json\/wp\/v2\/media\/812"}],"wp:attachment":[{"href":"https:\/\/barcelonaenmarxa.org\/es\/wp-json\/wp\/v2\/media?parent=882"}],"wp:term":[{"taxonomy":"category","embeddable":true,"href":"https:\/\/barcelonaenmarxa.org\/es\/wp-json\/wp\/v2\/categories?post=882"},{"taxonomy":"post_tag","embeddable":true,"href":"https:\/\/barcelonaenmarxa.org\/es\/wp-json\/wp\/v2\/tags?post=882"}],"curies":[{"name":"wp","href":"https:\/\/api.w.org\/{rel}","templated":true}]}}