{"id":815,"date":"2019-10-16T13:28:21","date_gmt":"2019-10-16T11:28:21","guid":{"rendered":"http:\/\/barcelonaenmarxa.org\/inscribete-antes-del-27-de-octubre-y-gana-unas-gafas\/"},"modified":"2019-10-16T13:28:21","modified_gmt":"2019-10-16T11:28:21","slug":"inscribete-antes-del-27-de-octubre-y-gana-unas-gafas-2","status":"publish","type":"post","link":"https:\/\/barcelonaenmarxa.org\/es\/inscribete-antes-del-27-de-octubre-y-gana-unas-gafas-2\/","title":{"rendered":"\u00a1Inscr\u00edbete antes del 27 de octubre y gana unas gafas!"},"content":{"rendered":"\n<p>Farmaoptics, colaborador de la III edici\u00f3n de la carrera \u201cBarcelona en Marcha Contra el C\u00e1ncer\u201d, ha decidido premiar las inscripciones que se realicen antes del 20 de octubre con el sorteo de dos gafas Ray Ban.&nbsp;<\/p>\n\n\n\n<p>El objetivo de esta promoci\u00f3n es recompensar a aquellos que tienen claro desde el primer momento que quieren que &nbsp;Barcelona se ti\u00f1a de verde por una buena causa y, as\u00ed ni pacientes y ni familiares sientan que est\u00e1n solos.<\/p>\n\n\n\n<p>Farmaoptics es un grupo de Farmacias-\u00f3pticas con tiendas en todo el territorio nacional y que colabora de forma recurrente tanto en los proyectos de la AECC como con otras causas solidarias.<\/p>\n\n\n\n<p><a href=\"http:\/\/barcelonaenmarxa.org\/wp-content\/uploads\/2019\/10\/BBLL-Sorteo-III-Carrera-AECC-Barcelona-2019-1.pdf\" target=\"_blank\" rel=\"noreferrer noopener\" aria-label=\"Bases legales (s'obre en una nova pestanya)\">Bases legales<\/a><\/p>\n","protected":false},"excerpt":{"rendered":"<p>Farmaoptics, colaborador de la III edici\u00f3n de la carrera \u201cBarcelona en Marcha Contra el C\u00e1ncer\u201d, ha decidido premiar las inscripciones que se realicen antes del 20 de octubre con el&#8230;<\/p>\n","protected":false},"author":1,"featured_media":812,"comment_status":"closed","ping_status":"closed","sticky":false,"template":"","format":"standard","meta":{"_acf_changed":false,"inline_featured_image":false,"footnotes":""},"categories":[],"tags":[],"class_list":["post-815","post","type-post","status-publish","format-standard","has-post-thumbnail"],"acf":[],"yoast_head":"<!-- This site is optimized with the Yoast SEO plugin v27.2 - https:\/\/yoast.com\/product\/yoast-seo-wordpress\/ -->\n<title>\u00a1Inscr\u00edbete antes del 27 de octubre y gana unas gafas! - KM Contra el C\u00e0ncer<\/title>\n<meta name=\"robots\" content=\"noindex, follow, max-snippet:-1, max-image-preview:large, max-video-preview:-1\" \/>\n<meta property=\"og:locale\" content=\"es_ES\" \/>\n<meta property=\"og:type\" content=\"article\" \/>\n<meta property=\"og:title\" content=\"\u00a1Inscr\u00edbete antes del 27 de octubre y gana unas gafas! - KM Contra el C\u00e0ncer\" \/>\n<meta property=\"og:description\" content=\"Farmaoptics, colaborador de la III edici\u00f3n de la carrera \u201cBarcelona en Marcha Contra el C\u00e1ncer\u201d, ha decidido premiar las inscripciones que se realicen antes del 20 de octubre con el...\" \/>\n<meta property=\"og:url\" content=\"https:\/\/barcelonaenmarxa.org\/es\/inscribete-antes-del-27-de-octubre-y-gana-unas-gafas-2\/\" \/>\n<meta property=\"og:site_name\" content=\"KM Contra el C\u00e0ncer\" \/>\n<meta property=\"article:published_time\" content=\"2019-10-16T11:28:21+00:00\" \/>\n<meta property=\"og:image\" content=\"https:\/\/barcelonaenmarxa.org\/wp-content\/uploads\/2019\/10\/post_instagram_gafas-01.jpg\" \/>\n\t<meta property=\"og:image:width\" content=\"1127\" \/>\n\t<meta property=\"og:image:height\" content=\"1128\" \/>\n\t<meta property=\"og:image:type\" content=\"image\/jpeg\" \/>\n<meta name=\"author\" content=\"admins\" \/>\n<meta name=\"twitter:card\" content=\"summary_large_image\" \/>\n<meta name=\"twitter:label1\" content=\"Escrito por\" \/>\n\t<meta name=\"twitter:data1\" content=\"admins\" \/>\n\t<meta name=\"twitter:label2\" content=\"Tiempo de lectura\" \/>\n\t<meta name=\"twitter:data2\" content=\"1 minuto\" \/>\n<script type=\"application\/ld+json\" class=\"yoast-schema-graph\">{\"@context\":\"https:\/\/schema.org\",\"@graph\":[{\"@type\":\"Article\",\"@id\":\"https:\/\/barcelonaenmarxa.org\/es\/inscribete-antes-del-27-de-octubre-y-gana-unas-gafas-2\/#article\",\"isPartOf\":{\"@id\":\"https:\/\/barcelonaenmarxa.org\/es\/inscribete-antes-del-27-de-octubre-y-gana-unas-gafas-2\/\"},\"author\":{\"name\":\"admins\",\"@id\":\"https:\/\/barcelonaenmarxa.org\/es\/#\/schema\/person\/104ad03ec3078da01ca2810b637be3ab\"},\"headline\":\"\u00a1Inscr\u00edbete antes del 27 de octubre y gana unas gafas!\",\"datePublished\":\"2019-10-16T11:28:21+00:00\",\"mainEntityOfPage\":{\"@id\":\"https:\/\/barcelonaenmarxa.org\/es\/inscribete-antes-del-27-de-octubre-y-gana-unas-gafas-2\/\"},\"wordCount\":125,\"publisher\":{\"@id\":\"https:\/\/barcelonaenmarxa.org\/es\/#organization\"},\"image\":{\"@id\":\"https:\/\/barcelonaenmarxa.org\/es\/inscribete-antes-del-27-de-octubre-y-gana-unas-gafas-2\/#primaryimage\"},\"thumbnailUrl\":\"https:\/\/barcelonaenmarxa.org\/wp-content\/uploads\/2019\/10\/post_instagram_gafas-01.jpg\",\"inLanguage\":\"es\"},{\"@type\":\"WebPage\",\"@id\":\"https:\/\/barcelonaenmarxa.org\/es\/inscribete-antes-del-27-de-octubre-y-gana-unas-gafas-2\/\",\"url\":\"https:\/\/barcelonaenmarxa.org\/es\/inscribete-antes-del-27-de-octubre-y-gana-unas-gafas-2\/\",\"name\":\"\u00a1Inscr\u00edbete antes del 27 de octubre y gana unas gafas! - KM Contra el C\u00e0ncer\",\"isPartOf\":{\"@id\":\"https:\/\/barcelonaenmarxa.org\/es\/#website\"},\"primaryImageOfPage\":{\"@id\":\"https:\/\/barcelonaenmarxa.org\/es\/inscribete-antes-del-27-de-octubre-y-gana-unas-gafas-2\/#primaryimage\"},\"image\":{\"@id\":\"https:\/\/barcelonaenmarxa.org\/es\/inscribete-antes-del-27-de-octubre-y-gana-unas-gafas-2\/#primaryimage\"},\"thumbnailUrl\":\"https:\/\/barcelonaenmarxa.org\/wp-content\/uploads\/2019\/10\/post_instagram_gafas-01.jpg\",\"datePublished\":\"2019-10-16T11:28:21+00:00\",\"breadcrumb\":{\"@id\":\"https:\/\/barcelonaenmarxa.org\/es\/inscribete-antes-del-27-de-octubre-y-gana-unas-gafas-2\/#breadcrumb\"},\"inLanguage\":\"es\",\"potentialAction\":[{\"@type\":\"ReadAction\",\"target\":[\"https:\/\/barcelonaenmarxa.org\/es\/inscribete-antes-del-27-de-octubre-y-gana-unas-gafas-2\/\"]}]},{\"@type\":\"ImageObject\",\"inLanguage\":\"es\",\"@id\":\"https:\/\/barcelonaenmarxa.org\/es\/inscribete-antes-del-27-de-octubre-y-gana-unas-gafas-2\/#primaryimage\",\"url\":\"https:\/\/barcelonaenmarxa.org\/wp-content\/uploads\/2019\/10\/post_instagram_gafas-01.jpg\",\"contentUrl\":\"https:\/\/barcelonaenmarxa.org\/wp-content\/uploads\/2019\/10\/post_instagram_gafas-01.jpg\",\"width\":1127,\"height\":1128},{\"@type\":\"BreadcrumbList\",\"@id\":\"https:\/\/barcelonaenmarxa.org\/es\/inscribete-antes-del-27-de-octubre-y-gana-unas-gafas-2\/#breadcrumb\",\"itemListElement\":[{\"@type\":\"ListItem\",\"position\":1,\"name\":\"Portada\",\"item\":\"https:\/\/barcelonaenmarxa.org\/es\/inicio\/\"},{\"@type\":\"ListItem\",\"position\":2,\"name\":\"\u00a1Inscr\u00edbete antes del 27 de octubre y gana unas gafas!\"}]},{\"@type\":\"WebSite\",\"@id\":\"https:\/\/barcelonaenmarxa.org\/es\/#website\",\"url\":\"https:\/\/barcelonaenmarxa.org\/es\/\",\"name\":\"KM Contra El C\u00e0ncer\",\"description\":\"\",\"publisher\":{\"@id\":\"https:\/\/barcelonaenmarxa.org\/es\/#organization\"},\"potentialAction\":[{\"@type\":\"SearchAction\",\"target\":{\"@type\":\"EntryPoint\",\"urlTemplate\":\"https:\/\/barcelonaenmarxa.org\/es\/?s={search_term_string}\"},\"query-input\":{\"@type\":\"PropertyValueSpecification\",\"valueRequired\":true,\"valueName\":\"search_term_string\"}}],\"inLanguage\":\"es\"},{\"@type\":\"Organization\",\"@id\":\"https:\/\/barcelonaenmarxa.org\/es\/#organization\",\"name\":\"Associaci\u00f3 contra el c\u00e0ncer a Barcelona\",\"url\":\"https:\/\/barcelonaenmarxa.org\/es\/\",\"logo\":{\"@type\":\"ImageObject\",\"inLanguage\":\"es\",\"@id\":\"https:\/\/barcelonaenmarxa.org\/es\/#\/schema\/logo\/image\/\",\"url\":\"https:\/\/barcelonaenmarxa.org\/wp-content\/uploads\/2026\/03\/logo-acc-bcn-light-bg.svg\",\"contentUrl\":\"https:\/\/barcelonaenmarxa.org\/wp-content\/uploads\/2026\/03\/logo-acc-bcn-light-bg.svg\",\"width\":\"1024\",\"height\":\"1024\",\"caption\":\"Associaci\u00f3 contra el c\u00e0ncer a Barcelona\"},\"image\":{\"@id\":\"https:\/\/barcelonaenmarxa.org\/es\/#\/schema\/logo\/image\/\"}},{\"@type\":\"Person\",\"@id\":\"https:\/\/barcelonaenmarxa.org\/es\/#\/schema\/person\/104ad03ec3078da01ca2810b637be3ab\",\"name\":\"admins\",\"image\":{\"@type\":\"ImageObject\",\"inLanguage\":\"es\",\"@id\":\"https:\/\/secure.gravatar.com\/avatar\/bbc67c27c20d4284c3e321e6aee926d9665cb03076289c28238cd24f1fb73309?s=96&d=mm&r=g\",\"url\":\"https:\/\/secure.gravatar.com\/avatar\/bbc67c27c20d4284c3e321e6aee926d9665cb03076289c28238cd24f1fb73309?s=96&d=mm&r=g\",\"contentUrl\":\"https:\/\/secure.gravatar.com\/avatar\/bbc67c27c20d4284c3e321e6aee926d9665cb03076289c28238cd24f1fb73309?s=96&d=mm&r=g\",\"caption\":\"admins\"},\"sameAs\":[\"https:\/\/barcelonaenmarxa.org\"],\"url\":\"https:\/\/barcelonaenmarxa.org\/es\/author\/admins\/\"}]}<\/script>\n<!-- \/ Yoast SEO plugin. -->","yoast_head_json":{"title":"\u00a1Inscr\u00edbete antes del 27 de octubre y gana unas gafas! - KM Contra el C\u00e0ncer","robots":{"index":"noindex","follow":"follow","max-snippet":"max-snippet:-1","max-image-preview":"max-image-preview:large","max-video-preview":"max-video-preview:-1"},"og_locale":"es_ES","og_type":"article","og_title":"\u00a1Inscr\u00edbete antes del 27 de octubre y gana unas gafas! - KM Contra el C\u00e0ncer","og_description":"Farmaoptics, colaborador de la III edici\u00f3n de la carrera \u201cBarcelona en Marcha Contra el C\u00e1ncer\u201d, ha decidido premiar las inscripciones que se realicen antes del 20 de octubre con el...","og_url":"https:\/\/barcelonaenmarxa.org\/es\/inscribete-antes-del-27-de-octubre-y-gana-unas-gafas-2\/","og_site_name":"KM Contra el C\u00e0ncer","article_published_time":"2019-10-16T11:28:21+00:00","og_image":[{"width":1127,"height":1128,"url":"https:\/\/barcelonaenmarxa.org\/wp-content\/uploads\/2019\/10\/post_instagram_gafas-01.jpg","type":"image\/jpeg"}],"author":"admins","twitter_card":"summary_large_image","twitter_misc":{"Escrito por":"admins","Tiempo de lectura":"1 minuto"},"schema":{"@context":"https:\/\/schema.org","@graph":[{"@type":"Article","@id":"https:\/\/barcelonaenmarxa.org\/es\/inscribete-antes-del-27-de-octubre-y-gana-unas-gafas-2\/#article","isPartOf":{"@id":"https:\/\/barcelonaenmarxa.org\/es\/inscribete-antes-del-27-de-octubre-y-gana-unas-gafas-2\/"},"author":{"name":"admins","@id":"https:\/\/barcelonaenmarxa.org\/es\/#\/schema\/person\/104ad03ec3078da01ca2810b637be3ab"},"headline":"\u00a1Inscr\u00edbete antes del 27 de octubre y gana unas gafas!","datePublished":"2019-10-16T11:28:21+00:00","mainEntityOfPage":{"@id":"https:\/\/barcelonaenmarxa.org\/es\/inscribete-antes-del-27-de-octubre-y-gana-unas-gafas-2\/"},"wordCount":125,"publisher":{"@id":"https:\/\/barcelonaenmarxa.org\/es\/#organization"},"image":{"@id":"https:\/\/barcelonaenmarxa.org\/es\/inscribete-antes-del-27-de-octubre-y-gana-unas-gafas-2\/#primaryimage"},"thumbnailUrl":"https:\/\/barcelonaenmarxa.org\/wp-content\/uploads\/2019\/10\/post_instagram_gafas-01.jpg","inLanguage":"es"},{"@type":"WebPage","@id":"https:\/\/barcelonaenmarxa.org\/es\/inscribete-antes-del-27-de-octubre-y-gana-unas-gafas-2\/","url":"https:\/\/barcelonaenmarxa.org\/es\/inscribete-antes-del-27-de-octubre-y-gana-unas-gafas-2\/","name":"\u00a1Inscr\u00edbete antes del 27 de octubre y gana unas gafas! - KM Contra el C\u00e0ncer","isPartOf":{"@id":"https:\/\/barcelonaenmarxa.org\/es\/#website"},"primaryImageOfPage":{"@id":"https:\/\/barcelonaenmarxa.org\/es\/inscribete-antes-del-27-de-octubre-y-gana-unas-gafas-2\/#primaryimage"},"image":{"@id":"https:\/\/barcelonaenmarxa.org\/es\/inscribete-antes-del-27-de-octubre-y-gana-unas-gafas-2\/#primaryimage"},"thumbnailUrl":"https:\/\/barcelonaenmarxa.org\/wp-content\/uploads\/2019\/10\/post_instagram_gafas-01.jpg","datePublished":"2019-10-16T11:28:21+00:00","breadcrumb":{"@id":"https:\/\/barcelonaenmarxa.org\/es\/inscribete-antes-del-27-de-octubre-y-gana-unas-gafas-2\/#breadcrumb"},"inLanguage":"es","potentialAction":[{"@type":"ReadAction","target":["https:\/\/barcelonaenmarxa.org\/es\/inscribete-antes-del-27-de-octubre-y-gana-unas-gafas-2\/"]}]},{"@type":"ImageObject","inLanguage":"es","@id":"https:\/\/barcelonaenmarxa.org\/es\/inscribete-antes-del-27-de-octubre-y-gana-unas-gafas-2\/#primaryimage","url":"https:\/\/barcelonaenmarxa.org\/wp-content\/uploads\/2019\/10\/post_instagram_gafas-01.jpg","contentUrl":"https:\/\/barcelonaenmarxa.org\/wp-content\/uploads\/2019\/10\/post_instagram_gafas-01.jpg","width":1127,"height":1128},{"@type":"BreadcrumbList","@id":"https:\/\/barcelonaenmarxa.org\/es\/inscribete-antes-del-27-de-octubre-y-gana-unas-gafas-2\/#breadcrumb","itemListElement":[{"@type":"ListItem","position":1,"name":"Portada","item":"https:\/\/barcelonaenmarxa.org\/es\/inicio\/"},{"@type":"ListItem","position":2,"name":"\u00a1Inscr\u00edbete antes del 27 de octubre y gana unas gafas!"}]},{"@type":"WebSite","@id":"https:\/\/barcelonaenmarxa.org\/es\/#website","url":"https:\/\/barcelonaenmarxa.org\/es\/","name":"KM Contra El C\u00e0ncer","description":"","publisher":{"@id":"https:\/\/barcelonaenmarxa.org\/es\/#organization"},"potentialAction":[{"@type":"SearchAction","target":{"@type":"EntryPoint","urlTemplate":"https:\/\/barcelonaenmarxa.org\/es\/?s={search_term_string}"},"query-input":{"@type":"PropertyValueSpecification","valueRequired":true,"valueName":"search_term_string"}}],"inLanguage":"es"},{"@type":"Organization","@id":"https:\/\/barcelonaenmarxa.org\/es\/#organization","name":"Associaci\u00f3 contra el c\u00e0ncer a Barcelona","url":"https:\/\/barcelonaenmarxa.org\/es\/","logo":{"@type":"ImageObject","inLanguage":"es","@id":"https:\/\/barcelonaenmarxa.org\/es\/#\/schema\/logo\/image\/","url":"https:\/\/barcelonaenmarxa.org\/wp-content\/uploads\/2026\/03\/logo-acc-bcn-light-bg.svg","contentUrl":"https:\/\/barcelonaenmarxa.org\/wp-content\/uploads\/2026\/03\/logo-acc-bcn-light-bg.svg","width":"1024","height":"1024","caption":"Associaci\u00f3 contra el c\u00e0ncer a Barcelona"},"image":{"@id":"https:\/\/barcelonaenmarxa.org\/es\/#\/schema\/logo\/image\/"}},{"@type":"Person","@id":"https:\/\/barcelonaenmarxa.org\/es\/#\/schema\/person\/104ad03ec3078da01ca2810b637be3ab","name":"admins","image":{"@type":"ImageObject","inLanguage":"es","@id":"https:\/\/secure.gravatar.com\/avatar\/bbc67c27c20d4284c3e321e6aee926d9665cb03076289c28238cd24f1fb73309?s=96&d=mm&r=g","url":"https:\/\/secure.gravatar.com\/avatar\/bbc67c27c20d4284c3e321e6aee926d9665cb03076289c28238cd24f1fb73309?s=96&d=mm&r=g","contentUrl":"https:\/\/secure.gravatar.com\/avatar\/bbc67c27c20d4284c3e321e6aee926d9665cb03076289c28238cd24f1fb73309?s=96&d=mm&r=g","caption":"admins"},"sameAs":["https:\/\/barcelonaenmarxa.org"],"url":"https:\/\/barcelonaenmarxa.org\/es\/author\/admins\/"}]}},"_links":{"self":[{"href":"https:\/\/barcelonaenmarxa.org\/es\/wp-json\/wp\/v2\/posts\/815","targetHints":{"allow":["GET"]}}],"collection":[{"href":"https:\/\/barcelonaenmarxa.org\/es\/wp-json\/wp\/v2\/posts"}],"about":[{"href":"https:\/\/barcelonaenmarxa.org\/es\/wp-json\/wp\/v2\/types\/post"}],"author":[{"embeddable":true,"href":"https:\/\/barcelonaenmarxa.org\/es\/wp-json\/wp\/v2\/users\/1"}],"replies":[{"embeddable":true,"href":"https:\/\/barcelonaenmarxa.org\/es\/wp-json\/wp\/v2\/comments?post=815"}],"version-history":[{"count":0,"href":"https:\/\/barcelonaenmarxa.org\/es\/wp-json\/wp\/v2\/posts\/815\/revisions"}],"wp:featuredmedia":[{"embeddable":true,"href":"https:\/\/barcelonaenmarxa.org\/es\/wp-json\/wp\/v2\/media\/812"}],"wp:attachment":[{"href":"https:\/\/barcelonaenmarxa.org\/es\/wp-json\/wp\/v2\/media?parent=815"}],"wp:term":[{"taxonomy":"category","embeddable":true,"href":"https:\/\/barcelonaenmarxa.org\/es\/wp-json\/wp\/v2\/categories?post=815"},{"taxonomy":"post_tag","embeddable":true,"href":"https:\/\/barcelonaenmarxa.org\/es\/wp-json\/wp\/v2\/tags?post=815"}],"curies":[{"name":"wp","href":"https:\/\/api.w.org\/{rel}","templated":true}]}}