{"id":754,"date":"2019-10-01T18:20:48","date_gmt":"2019-10-01T16:20:48","guid":{"rendered":"http:\/\/barcelonaenmarxa.org\/?p=754"},"modified":"2019-10-01T18:20:48","modified_gmt":"2019-10-01T16:20:48","slug":"abiertas-las-inscripciones-a-la-iii-edicion-de-la-carrera-aecc-barcelona-en-marcha-contra-el-cancer","status":"publish","type":"post","link":"https:\/\/barcelonaenmarxa.org\/es\/abiertas-las-inscripciones-a-la-iii-edicion-de-la-carrera-aecc-barcelona-en-marcha-contra-el-cancer\/","title":{"rendered":"Abiertas las inscripciones a la III edici\u00f3n de la carrera \u201cAECC Barcelona en Marcha Contra el C\u00e1ncer\u201d"},"content":{"rendered":"\n<ul class=\"wp-block-list\"><li><strong>Los fondos recaudados se destinar\u00e1n a mejorar la vida de las personas con\nc\u00e1ncer y sus familiares y financiar proyectos de investigaci\u00f3n <\/strong><\/li><\/ul>\n\n\n\n<p><a><strong>Barcelona, 1 de octubre\nde 2019.- <\/strong><\/a>Ya est\u00e1n abiertas las inscripciones a la III edici\u00f3n de la carrera \u201cAECC Barcelona en\nMarcha Contra el C\u00e1ncer\u201d que se celebrar\u00e1 el pr\u00f3ximo domingo 1 de diciembre.\nMiles de corredores inundar\u00e1n el F\u00f3rum de Barcelona para cruzar la meta contra\nel c\u00e1ncer con el objetivo de que tanto pacientes como familias sepan que no est\u00e1n\nsolos.<\/p>\n\n\n\n<p>El punto de salida de la\ncarrera estar\u00e1 en el Parque del F\u00f3rum de Barcelona (Parque de los\nAuditorios) y la prueba contar\u00e1 con tres distancias para adaptarse a todos los\np\u00fablicos: 10km, 5km y una marcha de 2.5 kil\u00f3metros, para aquellos que prefieran\ncaminar. Una vez finalice la carrera se realizar\u00e1n diversas actividades\ncomo el taller de ciencias \u201cPeque\u00f1os investigadores\u201d, el taller de pintacaras\npara los ni\u00f1os, puntos de animaci\u00f3n con m\u00fasica, masterclass de zumba,\nactividades de fitness&#8230; Todos los asistentes podr\u00e1n acceder a todas las\nactividades.<\/p>\n\n\n\n<p>Las inscripciones a la\ncarrera estar\u00e1n abiertas hasta el 28 de noviembre. Todos los inscritos antes\ndel d\u00eda 24 de noviembre podr\u00e1n beneficiarse de un descuento y as\u00ed pagar 15\neuros en vez de 18 euros que ser\u00e1 el precio oficial los d\u00edas previos a la\ncarrera.&nbsp; Las inscripciones se pueden\nrealizar tanto en el Espai AECC actiu contra el c\u00e1ncer (Travessera de les\nCorts, 268, Barcelona) como tambi\u00e9n en la web de la carrera <a href=\"http:\/\/barcelonaenmarxa.org\/\">aeccenmarxabarcelona.org<\/a>. Todo <\/p>\n\n\n\n<p>el dinero recaudado ser\u00e1\ndestinado a financiar proyectos de investigaci\u00f3n y ayudas para pacientes y familiares<\/p>\n\n\n\n<p>Todos aquellos que quieran hacer un donativo extra\na favor de la Asociaci\u00f3n Espa\u00f1ola Contra el C\u00e1ncer (AECC), tendr\u00e1n la opci\u00f3n de\nobtener por 25 euros el dorsal \u201cYo\nInvestigo\u201d que, ofrece servicios premium al corredor durante todo el d\u00eda y por\nel que obtendr\u00e1n un obsequio especial. Adem\u00e1s, entrar\u00e1n en un sorteo de un\nviaje doble para pasar un fin de semana en Madrid y asistir a la carrera \u201cAECC\nEn Marcha Madrid\u201d.<\/p>\n\n\n\n<p>Todos los\nparticipantes, sin excepci\u00f3n, recibir\u00e1n una magn\u00edfica <em>Bolsa del Corredor<\/em> con regalos de los colaboradores y una camiseta\nconmemorativa. <\/p>\n\n\n\n<p>Esta tercera edici\u00f3n de\nla carrera en Barcelona es posible gracias al patrocinio principal de Aig\u00fces de\nBarcelona. Adem\u00e1s, cuenta con Autobeltr\u00e1n\ncomo veh\u00edculo oficial, con el patrocinio de\nrevista Woman, &nbsp;Caprabo, Thrombactiv y El\nGranero Bio as\u00ed como con los siguientes colaboradores: Farmaoptics, Frit\nRavich, Pombel, DIR, Gallo, Aneto y Barcelona Serveis Municipals. <\/p>\n\n\n\n<p>M\u00e1s informaci\u00f3n en: <a href=\"http:\/\/barcelonaenmarxa.org\">aeccenmarxabarcelona.org<\/a> <strong><\/strong><\/p>\n","protected":false},"excerpt":{"rendered":"<p>Los fondos recaudados se destinar\u00e1n a mejorar la vida de las personas con c\u00e1ncer y sus familiares y financiar proyectos de investigaci\u00f3n Barcelona, 1 de octubre de 2019.- Ya est\u00e1n&#8230;<\/p>\n","protected":false},"author":1,"featured_media":739,"comment_status":"open","ping_status":"open","sticky":false,"template":"","format":"standard","meta":{"_acf_changed":false,"inline_featured_image":false,"footnotes":""},"categories":[],"tags":[],"class_list":["post-754","post","type-post","status-publish","format-standard","has-post-thumbnail"],"acf":[],"yoast_head":"<!-- This site is optimized with the Yoast SEO plugin v27.2 - https:\/\/yoast.com\/product\/yoast-seo-wordpress\/ -->\n<title>Abiertas las inscripciones a la III edici\u00f3n de la carrera \u201cAECC Barcelona en Marcha Contra el C\u00e1ncer\u201d - KM Contra el C\u00e0ncer<\/title>\n<meta name=\"robots\" content=\"noindex, follow, max-snippet:-1, max-image-preview:large, max-video-preview:-1\" \/>\n<meta property=\"og:locale\" content=\"es_ES\" \/>\n<meta property=\"og:type\" content=\"article\" \/>\n<meta property=\"og:title\" content=\"Abiertas las inscripciones a la III edici\u00f3n de la carrera \u201cAECC Barcelona en Marcha Contra el C\u00e1ncer\u201d - KM Contra el C\u00e0ncer\" \/>\n<meta property=\"og:description\" content=\"Los fondos recaudados se destinar\u00e1n a mejorar la vida de las personas con c\u00e1ncer y sus familiares y financiar proyectos de investigaci\u00f3n Barcelona, 1 de octubre de 2019.- Ya est\u00e1n...\" \/>\n<meta property=\"og:url\" content=\"https:\/\/barcelonaenmarxa.org\/es\/abiertas-las-inscripciones-a-la-iii-edicion-de-la-carrera-aecc-barcelona-en-marcha-contra-el-cancer\/\" \/>\n<meta property=\"og:site_name\" content=\"KM Contra el C\u00e0ncer\" \/>\n<meta property=\"article:published_time\" content=\"2019-10-01T16:20:48+00:00\" \/>\n<meta property=\"og:image\" content=\"https:\/\/barcelonaenmarxa.org\/wp-content\/uploads\/2019\/10\/48084532_2473897305960575_4620515384561238016_o.jpg\" \/>\n\t<meta property=\"og:image:width\" content=\"1396\" \/>\n\t<meta property=\"og:image:height\" content=\"776\" \/>\n\t<meta property=\"og:image:type\" content=\"image\/jpeg\" \/>\n<meta name=\"author\" content=\"admins\" \/>\n<meta name=\"twitter:card\" content=\"summary_large_image\" \/>\n<meta name=\"twitter:label1\" content=\"Escrito por\" \/>\n\t<meta name=\"twitter:data1\" content=\"admins\" \/>\n\t<meta name=\"twitter:label2\" content=\"Tiempo de lectura\" \/>\n\t<meta name=\"twitter:data2\" content=\"2 minutos\" \/>\n<script type=\"application\/ld+json\" class=\"yoast-schema-graph\">{\"@context\":\"https:\/\/schema.org\",\"@graph\":[{\"@type\":\"Article\",\"@id\":\"https:\/\/barcelonaenmarxa.org\/es\/abiertas-las-inscripciones-a-la-iii-edicion-de-la-carrera-aecc-barcelona-en-marcha-contra-el-cancer\/#article\",\"isPartOf\":{\"@id\":\"https:\/\/barcelonaenmarxa.org\/es\/abiertas-las-inscripciones-a-la-iii-edicion-de-la-carrera-aecc-barcelona-en-marcha-contra-el-cancer\/\"},\"author\":{\"name\":\"admins\",\"@id\":\"https:\/\/barcelonaenmarxa.org\/es\/#\/schema\/person\/104ad03ec3078da01ca2810b637be3ab\"},\"headline\":\"Abiertas las inscripciones a la III edici\u00f3n de la carrera \u201cAECC Barcelona en Marcha Contra el C\u00e1ncer\u201d\",\"datePublished\":\"2019-10-01T16:20:48+00:00\",\"mainEntityOfPage\":{\"@id\":\"https:\/\/barcelonaenmarxa.org\/es\/abiertas-las-inscripciones-a-la-iii-edicion-de-la-carrera-aecc-barcelona-en-marcha-contra-el-cancer\/\"},\"wordCount\":478,\"commentCount\":0,\"publisher\":{\"@id\":\"https:\/\/barcelonaenmarxa.org\/es\/#organization\"},\"image\":{\"@id\":\"https:\/\/barcelonaenmarxa.org\/es\/abiertas-las-inscripciones-a-la-iii-edicion-de-la-carrera-aecc-barcelona-en-marcha-contra-el-cancer\/#primaryimage\"},\"thumbnailUrl\":\"https:\/\/barcelonaenmarxa.org\/wp-content\/uploads\/2019\/10\/48084532_2473897305960575_4620515384561238016_o.jpg\",\"inLanguage\":\"es\",\"potentialAction\":[{\"@type\":\"CommentAction\",\"name\":\"Comment\",\"target\":[\"https:\/\/barcelonaenmarxa.org\/es\/abiertas-las-inscripciones-a-la-iii-edicion-de-la-carrera-aecc-barcelona-en-marcha-contra-el-cancer\/#respond\"]}]},{\"@type\":\"WebPage\",\"@id\":\"https:\/\/barcelonaenmarxa.org\/es\/abiertas-las-inscripciones-a-la-iii-edicion-de-la-carrera-aecc-barcelona-en-marcha-contra-el-cancer\/\",\"url\":\"https:\/\/barcelonaenmarxa.org\/es\/abiertas-las-inscripciones-a-la-iii-edicion-de-la-carrera-aecc-barcelona-en-marcha-contra-el-cancer\/\",\"name\":\"Abiertas las inscripciones a la III edici\u00f3n de la carrera \u201cAECC Barcelona en Marcha Contra el C\u00e1ncer\u201d - KM Contra el C\u00e0ncer\",\"isPartOf\":{\"@id\":\"https:\/\/barcelonaenmarxa.org\/es\/#website\"},\"primaryImageOfPage\":{\"@id\":\"https:\/\/barcelonaenmarxa.org\/es\/abiertas-las-inscripciones-a-la-iii-edicion-de-la-carrera-aecc-barcelona-en-marcha-contra-el-cancer\/#primaryimage\"},\"image\":{\"@id\":\"https:\/\/barcelonaenmarxa.org\/es\/abiertas-las-inscripciones-a-la-iii-edicion-de-la-carrera-aecc-barcelona-en-marcha-contra-el-cancer\/#primaryimage\"},\"thumbnailUrl\":\"https:\/\/barcelonaenmarxa.org\/wp-content\/uploads\/2019\/10\/48084532_2473897305960575_4620515384561238016_o.jpg\",\"datePublished\":\"2019-10-01T16:20:48+00:00\",\"breadcrumb\":{\"@id\":\"https:\/\/barcelonaenmarxa.org\/es\/abiertas-las-inscripciones-a-la-iii-edicion-de-la-carrera-aecc-barcelona-en-marcha-contra-el-cancer\/#breadcrumb\"},\"inLanguage\":\"es\",\"potentialAction\":[{\"@type\":\"ReadAction\",\"target\":[\"https:\/\/barcelonaenmarxa.org\/es\/abiertas-las-inscripciones-a-la-iii-edicion-de-la-carrera-aecc-barcelona-en-marcha-contra-el-cancer\/\"]}]},{\"@type\":\"ImageObject\",\"inLanguage\":\"es\",\"@id\":\"https:\/\/barcelonaenmarxa.org\/es\/abiertas-las-inscripciones-a-la-iii-edicion-de-la-carrera-aecc-barcelona-en-marcha-contra-el-cancer\/#primaryimage\",\"url\":\"https:\/\/barcelonaenmarxa.org\/wp-content\/uploads\/2019\/10\/48084532_2473897305960575_4620515384561238016_o.jpg\",\"contentUrl\":\"https:\/\/barcelonaenmarxa.org\/wp-content\/uploads\/2019\/10\/48084532_2473897305960575_4620515384561238016_o.jpg\",\"width\":1396,\"height\":776},{\"@type\":\"BreadcrumbList\",\"@id\":\"https:\/\/barcelonaenmarxa.org\/es\/abiertas-las-inscripciones-a-la-iii-edicion-de-la-carrera-aecc-barcelona-en-marcha-contra-el-cancer\/#breadcrumb\",\"itemListElement\":[{\"@type\":\"ListItem\",\"position\":1,\"name\":\"Portada\",\"item\":\"https:\/\/barcelonaenmarxa.org\/es\/inicio\/\"},{\"@type\":\"ListItem\",\"position\":2,\"name\":\"Abiertas las inscripciones a la III edici\u00f3n de la carrera \u201cAECC Barcelona en Marcha Contra el C\u00e1ncer\u201d\"}]},{\"@type\":\"WebSite\",\"@id\":\"https:\/\/barcelonaenmarxa.org\/es\/#website\",\"url\":\"https:\/\/barcelonaenmarxa.org\/es\/\",\"name\":\"KM Contra El C\u00e0ncer\",\"description\":\"\",\"publisher\":{\"@id\":\"https:\/\/barcelonaenmarxa.org\/es\/#organization\"},\"potentialAction\":[{\"@type\":\"SearchAction\",\"target\":{\"@type\":\"EntryPoint\",\"urlTemplate\":\"https:\/\/barcelonaenmarxa.org\/es\/?s={search_term_string}\"},\"query-input\":{\"@type\":\"PropertyValueSpecification\",\"valueRequired\":true,\"valueName\":\"search_term_string\"}}],\"inLanguage\":\"es\"},{\"@type\":\"Organization\",\"@id\":\"https:\/\/barcelonaenmarxa.org\/es\/#organization\",\"name\":\"Associaci\u00f3 contra el c\u00e0ncer a Barcelona\",\"url\":\"https:\/\/barcelonaenmarxa.org\/es\/\",\"logo\":{\"@type\":\"ImageObject\",\"inLanguage\":\"es\",\"@id\":\"https:\/\/barcelonaenmarxa.org\/es\/#\/schema\/logo\/image\/\",\"url\":\"https:\/\/barcelonaenmarxa.org\/wp-content\/uploads\/2026\/03\/logo-acc-bcn-light-bg.svg\",\"contentUrl\":\"https:\/\/barcelonaenmarxa.org\/wp-content\/uploads\/2026\/03\/logo-acc-bcn-light-bg.svg\",\"width\":\"1024\",\"height\":\"1024\",\"caption\":\"Associaci\u00f3 contra el c\u00e0ncer a Barcelona\"},\"image\":{\"@id\":\"https:\/\/barcelonaenmarxa.org\/es\/#\/schema\/logo\/image\/\"}},{\"@type\":\"Person\",\"@id\":\"https:\/\/barcelonaenmarxa.org\/es\/#\/schema\/person\/104ad03ec3078da01ca2810b637be3ab\",\"name\":\"admins\",\"image\":{\"@type\":\"ImageObject\",\"inLanguage\":\"es\",\"@id\":\"https:\/\/secure.gravatar.com\/avatar\/bbc67c27c20d4284c3e321e6aee926d9665cb03076289c28238cd24f1fb73309?s=96&d=mm&r=g\",\"url\":\"https:\/\/secure.gravatar.com\/avatar\/bbc67c27c20d4284c3e321e6aee926d9665cb03076289c28238cd24f1fb73309?s=96&d=mm&r=g\",\"contentUrl\":\"https:\/\/secure.gravatar.com\/avatar\/bbc67c27c20d4284c3e321e6aee926d9665cb03076289c28238cd24f1fb73309?s=96&d=mm&r=g\",\"caption\":\"admins\"},\"sameAs\":[\"https:\/\/barcelonaenmarxa.org\"],\"url\":\"https:\/\/barcelonaenmarxa.org\/es\/author\/admins\/\"}]}<\/script>\n<!-- \/ Yoast SEO plugin. -->","yoast_head_json":{"title":"Abiertas las inscripciones a la III edici\u00f3n de la carrera \u201cAECC Barcelona en Marcha Contra el C\u00e1ncer\u201d - KM Contra el C\u00e0ncer","robots":{"index":"noindex","follow":"follow","max-snippet":"max-snippet:-1","max-image-preview":"max-image-preview:large","max-video-preview":"max-video-preview:-1"},"og_locale":"es_ES","og_type":"article","og_title":"Abiertas las inscripciones a la III edici\u00f3n de la carrera \u201cAECC Barcelona en Marcha Contra el C\u00e1ncer\u201d - KM Contra el C\u00e0ncer","og_description":"Los fondos recaudados se destinar\u00e1n a mejorar la vida de las personas con c\u00e1ncer y sus familiares y financiar proyectos de investigaci\u00f3n Barcelona, 1 de octubre de 2019.- Ya est\u00e1n...","og_url":"https:\/\/barcelonaenmarxa.org\/es\/abiertas-las-inscripciones-a-la-iii-edicion-de-la-carrera-aecc-barcelona-en-marcha-contra-el-cancer\/","og_site_name":"KM Contra el C\u00e0ncer","article_published_time":"2019-10-01T16:20:48+00:00","og_image":[{"width":1396,"height":776,"url":"https:\/\/barcelonaenmarxa.org\/wp-content\/uploads\/2019\/10\/48084532_2473897305960575_4620515384561238016_o.jpg","type":"image\/jpeg"}],"author":"admins","twitter_card":"summary_large_image","twitter_misc":{"Escrito por":"admins","Tiempo de lectura":"2 minutos"},"schema":{"@context":"https:\/\/schema.org","@graph":[{"@type":"Article","@id":"https:\/\/barcelonaenmarxa.org\/es\/abiertas-las-inscripciones-a-la-iii-edicion-de-la-carrera-aecc-barcelona-en-marcha-contra-el-cancer\/#article","isPartOf":{"@id":"https:\/\/barcelonaenmarxa.org\/es\/abiertas-las-inscripciones-a-la-iii-edicion-de-la-carrera-aecc-barcelona-en-marcha-contra-el-cancer\/"},"author":{"name":"admins","@id":"https:\/\/barcelonaenmarxa.org\/es\/#\/schema\/person\/104ad03ec3078da01ca2810b637be3ab"},"headline":"Abiertas las inscripciones a la III edici\u00f3n de la carrera \u201cAECC Barcelona en Marcha Contra el C\u00e1ncer\u201d","datePublished":"2019-10-01T16:20:48+00:00","mainEntityOfPage":{"@id":"https:\/\/barcelonaenmarxa.org\/es\/abiertas-las-inscripciones-a-la-iii-edicion-de-la-carrera-aecc-barcelona-en-marcha-contra-el-cancer\/"},"wordCount":478,"commentCount":0,"publisher":{"@id":"https:\/\/barcelonaenmarxa.org\/es\/#organization"},"image":{"@id":"https:\/\/barcelonaenmarxa.org\/es\/abiertas-las-inscripciones-a-la-iii-edicion-de-la-carrera-aecc-barcelona-en-marcha-contra-el-cancer\/#primaryimage"},"thumbnailUrl":"https:\/\/barcelonaenmarxa.org\/wp-content\/uploads\/2019\/10\/48084532_2473897305960575_4620515384561238016_o.jpg","inLanguage":"es","potentialAction":[{"@type":"CommentAction","name":"Comment","target":["https:\/\/barcelonaenmarxa.org\/es\/abiertas-las-inscripciones-a-la-iii-edicion-de-la-carrera-aecc-barcelona-en-marcha-contra-el-cancer\/#respond"]}]},{"@type":"WebPage","@id":"https:\/\/barcelonaenmarxa.org\/es\/abiertas-las-inscripciones-a-la-iii-edicion-de-la-carrera-aecc-barcelona-en-marcha-contra-el-cancer\/","url":"https:\/\/barcelonaenmarxa.org\/es\/abiertas-las-inscripciones-a-la-iii-edicion-de-la-carrera-aecc-barcelona-en-marcha-contra-el-cancer\/","name":"Abiertas las inscripciones a la III edici\u00f3n de la carrera \u201cAECC Barcelona en Marcha Contra el C\u00e1ncer\u201d - KM Contra el C\u00e0ncer","isPartOf":{"@id":"https:\/\/barcelonaenmarxa.org\/es\/#website"},"primaryImageOfPage":{"@id":"https:\/\/barcelonaenmarxa.org\/es\/abiertas-las-inscripciones-a-la-iii-edicion-de-la-carrera-aecc-barcelona-en-marcha-contra-el-cancer\/#primaryimage"},"image":{"@id":"https:\/\/barcelonaenmarxa.org\/es\/abiertas-las-inscripciones-a-la-iii-edicion-de-la-carrera-aecc-barcelona-en-marcha-contra-el-cancer\/#primaryimage"},"thumbnailUrl":"https:\/\/barcelonaenmarxa.org\/wp-content\/uploads\/2019\/10\/48084532_2473897305960575_4620515384561238016_o.jpg","datePublished":"2019-10-01T16:20:48+00:00","breadcrumb":{"@id":"https:\/\/barcelonaenmarxa.org\/es\/abiertas-las-inscripciones-a-la-iii-edicion-de-la-carrera-aecc-barcelona-en-marcha-contra-el-cancer\/#breadcrumb"},"inLanguage":"es","potentialAction":[{"@type":"ReadAction","target":["https:\/\/barcelonaenmarxa.org\/es\/abiertas-las-inscripciones-a-la-iii-edicion-de-la-carrera-aecc-barcelona-en-marcha-contra-el-cancer\/"]}]},{"@type":"ImageObject","inLanguage":"es","@id":"https:\/\/barcelonaenmarxa.org\/es\/abiertas-las-inscripciones-a-la-iii-edicion-de-la-carrera-aecc-barcelona-en-marcha-contra-el-cancer\/#primaryimage","url":"https:\/\/barcelonaenmarxa.org\/wp-content\/uploads\/2019\/10\/48084532_2473897305960575_4620515384561238016_o.jpg","contentUrl":"https:\/\/barcelonaenmarxa.org\/wp-content\/uploads\/2019\/10\/48084532_2473897305960575_4620515384561238016_o.jpg","width":1396,"height":776},{"@type":"BreadcrumbList","@id":"https:\/\/barcelonaenmarxa.org\/es\/abiertas-las-inscripciones-a-la-iii-edicion-de-la-carrera-aecc-barcelona-en-marcha-contra-el-cancer\/#breadcrumb","itemListElement":[{"@type":"ListItem","position":1,"name":"Portada","item":"https:\/\/barcelonaenmarxa.org\/es\/inicio\/"},{"@type":"ListItem","position":2,"name":"Abiertas las inscripciones a la III edici\u00f3n de la carrera \u201cAECC Barcelona en Marcha Contra el C\u00e1ncer\u201d"}]},{"@type":"WebSite","@id":"https:\/\/barcelonaenmarxa.org\/es\/#website","url":"https:\/\/barcelonaenmarxa.org\/es\/","name":"KM Contra El C\u00e0ncer","description":"","publisher":{"@id":"https:\/\/barcelonaenmarxa.org\/es\/#organization"},"potentialAction":[{"@type":"SearchAction","target":{"@type":"EntryPoint","urlTemplate":"https:\/\/barcelonaenmarxa.org\/es\/?s={search_term_string}"},"query-input":{"@type":"PropertyValueSpecification","valueRequired":true,"valueName":"search_term_string"}}],"inLanguage":"es"},{"@type":"Organization","@id":"https:\/\/barcelonaenmarxa.org\/es\/#organization","name":"Associaci\u00f3 contra el c\u00e0ncer a Barcelona","url":"https:\/\/barcelonaenmarxa.org\/es\/","logo":{"@type":"ImageObject","inLanguage":"es","@id":"https:\/\/barcelonaenmarxa.org\/es\/#\/schema\/logo\/image\/","url":"https:\/\/barcelonaenmarxa.org\/wp-content\/uploads\/2026\/03\/logo-acc-bcn-light-bg.svg","contentUrl":"https:\/\/barcelonaenmarxa.org\/wp-content\/uploads\/2026\/03\/logo-acc-bcn-light-bg.svg","width":"1024","height":"1024","caption":"Associaci\u00f3 contra el c\u00e0ncer a Barcelona"},"image":{"@id":"https:\/\/barcelonaenmarxa.org\/es\/#\/schema\/logo\/image\/"}},{"@type":"Person","@id":"https:\/\/barcelonaenmarxa.org\/es\/#\/schema\/person\/104ad03ec3078da01ca2810b637be3ab","name":"admins","image":{"@type":"ImageObject","inLanguage":"es","@id":"https:\/\/secure.gravatar.com\/avatar\/bbc67c27c20d4284c3e321e6aee926d9665cb03076289c28238cd24f1fb73309?s=96&d=mm&r=g","url":"https:\/\/secure.gravatar.com\/avatar\/bbc67c27c20d4284c3e321e6aee926d9665cb03076289c28238cd24f1fb73309?s=96&d=mm&r=g","contentUrl":"https:\/\/secure.gravatar.com\/avatar\/bbc67c27c20d4284c3e321e6aee926d9665cb03076289c28238cd24f1fb73309?s=96&d=mm&r=g","caption":"admins"},"sameAs":["https:\/\/barcelonaenmarxa.org"],"url":"https:\/\/barcelonaenmarxa.org\/es\/author\/admins\/"}]}},"_links":{"self":[{"href":"https:\/\/barcelonaenmarxa.org\/es\/wp-json\/wp\/v2\/posts\/754","targetHints":{"allow":["GET"]}}],"collection":[{"href":"https:\/\/barcelonaenmarxa.org\/es\/wp-json\/wp\/v2\/posts"}],"about":[{"href":"https:\/\/barcelonaenmarxa.org\/es\/wp-json\/wp\/v2\/types\/post"}],"author":[{"embeddable":true,"href":"https:\/\/barcelonaenmarxa.org\/es\/wp-json\/wp\/v2\/users\/1"}],"replies":[{"embeddable":true,"href":"https:\/\/barcelonaenmarxa.org\/es\/wp-json\/wp\/v2\/comments?post=754"}],"version-history":[{"count":0,"href":"https:\/\/barcelonaenmarxa.org\/es\/wp-json\/wp\/v2\/posts\/754\/revisions"}],"wp:featuredmedia":[{"embeddable":true,"href":"https:\/\/barcelonaenmarxa.org\/es\/wp-json\/wp\/v2\/media\/739"}],"wp:attachment":[{"href":"https:\/\/barcelonaenmarxa.org\/es\/wp-json\/wp\/v2\/media?parent=754"}],"wp:term":[{"taxonomy":"category","embeddable":true,"href":"https:\/\/barcelonaenmarxa.org\/es\/wp-json\/wp\/v2\/categories?post=754"},{"taxonomy":"post_tag","embeddable":true,"href":"https:\/\/barcelonaenmarxa.org\/es\/wp-json\/wp\/v2\/tags?post=754"}],"curies":[{"name":"wp","href":"https:\/\/api.w.org\/{rel}","templated":true}]}}