{"id":467,"date":"2017-11-13T16:04:29","date_gmt":"2017-11-13T15:04:29","guid":{"rendered":"http:\/\/barcelonaenmarxa.org\/aigues-de-barcelona-patrocinador-oficial-de-laecc-en-marxa\/"},"modified":"2017-11-13T16:04:29","modified_gmt":"2017-11-13T15:04:29","slug":"aigues-de-barcelona-patrocinador-oficial-de-laecc-en-marxa-2","status":"publish","type":"post","link":"https:\/\/barcelonaenmarxa.org\/es\/aigues-de-barcelona-patrocinador-oficial-de-laecc-en-marxa-2\/","title":{"rendered":"AIG\u00dcES DE BARCELONA, PATROCINADOR OFICIAL DE LA AECC EN MARCHA"},"content":{"rendered":"\n<p>El Dr. Laureano Molins, president de l\u2019AECC \u2013 Catalunya contra el C\u00e0ncer de Barcelona i Ignacio Escudero, director general d\u2019Aig\u00fces de Barcelona, han signat un acord mitjan\u00e7ant el qual la companyia col\u00b7laborar\u00e0 a la segona edici\u00f3 de la Cursa Barcelona en Marxa Contra el C\u00e0ncer, tal i com ja va fer l\u2019any passat.<\/p>\n\n<p>La cursa se celebrar\u00e0 el diumenge 2 de desembre i el punt de sortida ser\u00e0 al Parc del F\u00f2rum de Barcelona (al Parc dels Auditoris). La prova comptar\u00e0 amb tres dist\u00e0ncies per adaptar-se a tots els p\u00fablics: 10, 5 i 2.5 kil\u00f2metres.<\/p>\n\n<p>Les inscripcions a la cursa es poden fer tant a l\u2019Espai AECC actiu contra el c\u00e0ncer (Travessera de les Corts, 268, Barcelona) com tamb\u00e9 al web www.aeccenmarxabarcelona.org. Amb la inscripci\u00f3 es dona suport a la lluita contra el c\u00e0ncer, a m\u00e9s de gaudir de l\u2019esport popular i de la festa familiar que s\u2019organitzar\u00e0 despr\u00e8s de la cursa, esmorzar incl\u00f2s.<\/p>\n\n<p>Us hi esperem a tots!<\/p>\n","protected":false},"excerpt":{"rendered":"<p>El Dr. Laureano Molins, president de l\u2019AECC \u2013 Catalunya contra el C\u00e0ncer de Barcelona i Ignacio Escudero, director general d\u2019Aig\u00fces de Barcelona, han signat un acord mitjan\u00e7ant el qual la&#8230;<\/p>\n","protected":false},"author":1,"featured_media":328,"comment_status":"closed","ping_status":"closed","sticky":false,"template":"","format":"standard","meta":{"_acf_changed":false,"inline_featured_image":false,"footnotes":""},"categories":[],"tags":[],"class_list":["post-467","post","type-post","status-publish","format-standard","has-post-thumbnail"],"acf":[],"yoast_head":"<!-- This site is optimized with the Yoast SEO plugin v27.2 - https:\/\/yoast.com\/product\/yoast-seo-wordpress\/ -->\n<title>AIG\u00dcES DE BARCELONA, PATROCINADOR OFICIAL DE LA AECC EN MARCHA - KM Contra el C\u00e0ncer<\/title>\n<meta name=\"robots\" content=\"noindex, follow, max-snippet:-1, max-image-preview:large, max-video-preview:-1\" \/>\n<meta property=\"og:locale\" content=\"es_ES\" \/>\n<meta property=\"og:type\" content=\"article\" \/>\n<meta property=\"og:title\" content=\"AIG\u00dcES DE BARCELONA, PATROCINADOR OFICIAL DE LA AECC EN MARCHA - KM Contra el C\u00e0ncer\" \/>\n<meta property=\"og:description\" content=\"El Dr. Laureano Molins, president de l\u2019AECC \u2013 Catalunya contra el C\u00e0ncer de Barcelona i Ignacio Escudero, director general d\u2019Aig\u00fces de Barcelona, han signat un acord mitjan\u00e7ant el qual la...\" \/>\n<meta property=\"og:url\" content=\"https:\/\/barcelonaenmarxa.org\/es\/aigues-de-barcelona-patrocinador-oficial-de-laecc-en-marxa-2\/\" \/>\n<meta property=\"og:site_name\" content=\"KM Contra el C\u00e0ncer\" \/>\n<meta property=\"article:published_time\" content=\"2017-11-13T15:04:29+00:00\" \/>\n<meta property=\"og:image\" content=\"https:\/\/barcelonaenmarxa.org\/wp-content\/uploads\/2019\/09\/carrera-contra-cancer-barcelona-2018.jpg\" \/>\n\t<meta property=\"og:image:width\" content=\"900\" \/>\n\t<meta property=\"og:image:height\" content=\"675\" \/>\n\t<meta property=\"og:image:type\" content=\"image\/jpeg\" \/>\n<meta name=\"author\" content=\"admins\" \/>\n<meta name=\"twitter:card\" content=\"summary_large_image\" \/>\n<meta name=\"twitter:label1\" content=\"Escrito por\" \/>\n\t<meta name=\"twitter:data1\" content=\"admins\" \/>\n\t<meta name=\"twitter:label2\" content=\"Tiempo de lectura\" \/>\n\t<meta name=\"twitter:data2\" content=\"1 minuto\" \/>\n<script type=\"application\/ld+json\" class=\"yoast-schema-graph\">{\"@context\":\"https:\/\/schema.org\",\"@graph\":[{\"@type\":\"Article\",\"@id\":\"https:\/\/barcelonaenmarxa.org\/es\/aigues-de-barcelona-patrocinador-oficial-de-laecc-en-marxa-2\/#article\",\"isPartOf\":{\"@id\":\"https:\/\/barcelonaenmarxa.org\/es\/aigues-de-barcelona-patrocinador-oficial-de-laecc-en-marxa-2\/\"},\"author\":{\"name\":\"admins\",\"@id\":\"https:\/\/barcelonaenmarxa.org\/es\/#\/schema\/person\/104ad03ec3078da01ca2810b637be3ab\"},\"headline\":\"AIG\u00dcES DE BARCELONA, PATROCINADOR OFICIAL DE LA AECC EN MARCHA\",\"datePublished\":\"2017-11-13T15:04:29+00:00\",\"mainEntityOfPage\":{\"@id\":\"https:\/\/barcelonaenmarxa.org\/es\/aigues-de-barcelona-patrocinador-oficial-de-laecc-en-marxa-2\/\"},\"wordCount\":186,\"publisher\":{\"@id\":\"https:\/\/barcelonaenmarxa.org\/es\/#organization\"},\"image\":{\"@id\":\"https:\/\/barcelonaenmarxa.org\/es\/aigues-de-barcelona-patrocinador-oficial-de-laecc-en-marxa-2\/#primaryimage\"},\"thumbnailUrl\":\"https:\/\/barcelonaenmarxa.org\/wp-content\/uploads\/2019\/09\/carrera-contra-cancer-barcelona-2018.jpg\",\"inLanguage\":\"es\"},{\"@type\":\"WebPage\",\"@id\":\"https:\/\/barcelonaenmarxa.org\/es\/aigues-de-barcelona-patrocinador-oficial-de-laecc-en-marxa-2\/\",\"url\":\"https:\/\/barcelonaenmarxa.org\/es\/aigues-de-barcelona-patrocinador-oficial-de-laecc-en-marxa-2\/\",\"name\":\"AIG\u00dcES DE BARCELONA, PATROCINADOR OFICIAL DE LA AECC EN MARCHA - KM Contra el C\u00e0ncer\",\"isPartOf\":{\"@id\":\"https:\/\/barcelonaenmarxa.org\/es\/#website\"},\"primaryImageOfPage\":{\"@id\":\"https:\/\/barcelonaenmarxa.org\/es\/aigues-de-barcelona-patrocinador-oficial-de-laecc-en-marxa-2\/#primaryimage\"},\"image\":{\"@id\":\"https:\/\/barcelonaenmarxa.org\/es\/aigues-de-barcelona-patrocinador-oficial-de-laecc-en-marxa-2\/#primaryimage\"},\"thumbnailUrl\":\"https:\/\/barcelonaenmarxa.org\/wp-content\/uploads\/2019\/09\/carrera-contra-cancer-barcelona-2018.jpg\",\"datePublished\":\"2017-11-13T15:04:29+00:00\",\"breadcrumb\":{\"@id\":\"https:\/\/barcelonaenmarxa.org\/es\/aigues-de-barcelona-patrocinador-oficial-de-laecc-en-marxa-2\/#breadcrumb\"},\"inLanguage\":\"es\",\"potentialAction\":[{\"@type\":\"ReadAction\",\"target\":[\"https:\/\/barcelonaenmarxa.org\/es\/aigues-de-barcelona-patrocinador-oficial-de-laecc-en-marxa-2\/\"]}]},{\"@type\":\"ImageObject\",\"inLanguage\":\"es\",\"@id\":\"https:\/\/barcelonaenmarxa.org\/es\/aigues-de-barcelona-patrocinador-oficial-de-laecc-en-marxa-2\/#primaryimage\",\"url\":\"https:\/\/barcelonaenmarxa.org\/wp-content\/uploads\/2019\/09\/carrera-contra-cancer-barcelona-2018.jpg\",\"contentUrl\":\"https:\/\/barcelonaenmarxa.org\/wp-content\/uploads\/2019\/09\/carrera-contra-cancer-barcelona-2018.jpg\",\"width\":900,\"height\":675},{\"@type\":\"BreadcrumbList\",\"@id\":\"https:\/\/barcelonaenmarxa.org\/es\/aigues-de-barcelona-patrocinador-oficial-de-laecc-en-marxa-2\/#breadcrumb\",\"itemListElement\":[{\"@type\":\"ListItem\",\"position\":1,\"name\":\"Portada\",\"item\":\"https:\/\/barcelonaenmarxa.org\/es\/inicio\/\"},{\"@type\":\"ListItem\",\"position\":2,\"name\":\"AIG\u00dcES DE BARCELONA, PATROCINADOR OFICIAL DE LA AECC EN MARCHA\"}]},{\"@type\":\"WebSite\",\"@id\":\"https:\/\/barcelonaenmarxa.org\/es\/#website\",\"url\":\"https:\/\/barcelonaenmarxa.org\/es\/\",\"name\":\"KM Contra El C\u00e0ncer\",\"description\":\"\",\"publisher\":{\"@id\":\"https:\/\/barcelonaenmarxa.org\/es\/#organization\"},\"potentialAction\":[{\"@type\":\"SearchAction\",\"target\":{\"@type\":\"EntryPoint\",\"urlTemplate\":\"https:\/\/barcelonaenmarxa.org\/es\/?s={search_term_string}\"},\"query-input\":{\"@type\":\"PropertyValueSpecification\",\"valueRequired\":true,\"valueName\":\"search_term_string\"}}],\"inLanguage\":\"es\"},{\"@type\":\"Organization\",\"@id\":\"https:\/\/barcelonaenmarxa.org\/es\/#organization\",\"name\":\"Associaci\u00f3 contra el c\u00e0ncer a Barcelona\",\"url\":\"https:\/\/barcelonaenmarxa.org\/es\/\",\"logo\":{\"@type\":\"ImageObject\",\"inLanguage\":\"es\",\"@id\":\"https:\/\/barcelonaenmarxa.org\/es\/#\/schema\/logo\/image\/\",\"url\":\"https:\/\/barcelonaenmarxa.org\/wp-content\/uploads\/2026\/03\/logo-acc-bcn-light-bg.svg\",\"contentUrl\":\"https:\/\/barcelonaenmarxa.org\/wp-content\/uploads\/2026\/03\/logo-acc-bcn-light-bg.svg\",\"width\":\"1024\",\"height\":\"1024\",\"caption\":\"Associaci\u00f3 contra el c\u00e0ncer a Barcelona\"},\"image\":{\"@id\":\"https:\/\/barcelonaenmarxa.org\/es\/#\/schema\/logo\/image\/\"}},{\"@type\":\"Person\",\"@id\":\"https:\/\/barcelonaenmarxa.org\/es\/#\/schema\/person\/104ad03ec3078da01ca2810b637be3ab\",\"name\":\"admins\",\"image\":{\"@type\":\"ImageObject\",\"inLanguage\":\"es\",\"@id\":\"https:\/\/secure.gravatar.com\/avatar\/bbc67c27c20d4284c3e321e6aee926d9665cb03076289c28238cd24f1fb73309?s=96&d=mm&r=g\",\"url\":\"https:\/\/secure.gravatar.com\/avatar\/bbc67c27c20d4284c3e321e6aee926d9665cb03076289c28238cd24f1fb73309?s=96&d=mm&r=g\",\"contentUrl\":\"https:\/\/secure.gravatar.com\/avatar\/bbc67c27c20d4284c3e321e6aee926d9665cb03076289c28238cd24f1fb73309?s=96&d=mm&r=g\",\"caption\":\"admins\"},\"sameAs\":[\"https:\/\/barcelonaenmarxa.org\"],\"url\":\"https:\/\/barcelonaenmarxa.org\/es\/author\/admins\/\"}]}<\/script>\n<!-- \/ Yoast SEO plugin. -->","yoast_head_json":{"title":"AIG\u00dcES DE BARCELONA, PATROCINADOR OFICIAL DE LA AECC EN MARCHA - KM Contra el C\u00e0ncer","robots":{"index":"noindex","follow":"follow","max-snippet":"max-snippet:-1","max-image-preview":"max-image-preview:large","max-video-preview":"max-video-preview:-1"},"og_locale":"es_ES","og_type":"article","og_title":"AIG\u00dcES DE BARCELONA, PATROCINADOR OFICIAL DE LA AECC EN MARCHA - KM Contra el C\u00e0ncer","og_description":"El Dr. Laureano Molins, president de l\u2019AECC \u2013 Catalunya contra el C\u00e0ncer de Barcelona i Ignacio Escudero, director general d\u2019Aig\u00fces de Barcelona, han signat un acord mitjan\u00e7ant el qual la...","og_url":"https:\/\/barcelonaenmarxa.org\/es\/aigues-de-barcelona-patrocinador-oficial-de-laecc-en-marxa-2\/","og_site_name":"KM Contra el C\u00e0ncer","article_published_time":"2017-11-13T15:04:29+00:00","og_image":[{"width":900,"height":675,"url":"https:\/\/barcelonaenmarxa.org\/wp-content\/uploads\/2019\/09\/carrera-contra-cancer-barcelona-2018.jpg","type":"image\/jpeg"}],"author":"admins","twitter_card":"summary_large_image","twitter_misc":{"Escrito por":"admins","Tiempo de lectura":"1 minuto"},"schema":{"@context":"https:\/\/schema.org","@graph":[{"@type":"Article","@id":"https:\/\/barcelonaenmarxa.org\/es\/aigues-de-barcelona-patrocinador-oficial-de-laecc-en-marxa-2\/#article","isPartOf":{"@id":"https:\/\/barcelonaenmarxa.org\/es\/aigues-de-barcelona-patrocinador-oficial-de-laecc-en-marxa-2\/"},"author":{"name":"admins","@id":"https:\/\/barcelonaenmarxa.org\/es\/#\/schema\/person\/104ad03ec3078da01ca2810b637be3ab"},"headline":"AIG\u00dcES DE BARCELONA, PATROCINADOR OFICIAL DE LA AECC EN MARCHA","datePublished":"2017-11-13T15:04:29+00:00","mainEntityOfPage":{"@id":"https:\/\/barcelonaenmarxa.org\/es\/aigues-de-barcelona-patrocinador-oficial-de-laecc-en-marxa-2\/"},"wordCount":186,"publisher":{"@id":"https:\/\/barcelonaenmarxa.org\/es\/#organization"},"image":{"@id":"https:\/\/barcelonaenmarxa.org\/es\/aigues-de-barcelona-patrocinador-oficial-de-laecc-en-marxa-2\/#primaryimage"},"thumbnailUrl":"https:\/\/barcelonaenmarxa.org\/wp-content\/uploads\/2019\/09\/carrera-contra-cancer-barcelona-2018.jpg","inLanguage":"es"},{"@type":"WebPage","@id":"https:\/\/barcelonaenmarxa.org\/es\/aigues-de-barcelona-patrocinador-oficial-de-laecc-en-marxa-2\/","url":"https:\/\/barcelonaenmarxa.org\/es\/aigues-de-barcelona-patrocinador-oficial-de-laecc-en-marxa-2\/","name":"AIG\u00dcES DE BARCELONA, PATROCINADOR OFICIAL DE LA AECC EN MARCHA - KM Contra el C\u00e0ncer","isPartOf":{"@id":"https:\/\/barcelonaenmarxa.org\/es\/#website"},"primaryImageOfPage":{"@id":"https:\/\/barcelonaenmarxa.org\/es\/aigues-de-barcelona-patrocinador-oficial-de-laecc-en-marxa-2\/#primaryimage"},"image":{"@id":"https:\/\/barcelonaenmarxa.org\/es\/aigues-de-barcelona-patrocinador-oficial-de-laecc-en-marxa-2\/#primaryimage"},"thumbnailUrl":"https:\/\/barcelonaenmarxa.org\/wp-content\/uploads\/2019\/09\/carrera-contra-cancer-barcelona-2018.jpg","datePublished":"2017-11-13T15:04:29+00:00","breadcrumb":{"@id":"https:\/\/barcelonaenmarxa.org\/es\/aigues-de-barcelona-patrocinador-oficial-de-laecc-en-marxa-2\/#breadcrumb"},"inLanguage":"es","potentialAction":[{"@type":"ReadAction","target":["https:\/\/barcelonaenmarxa.org\/es\/aigues-de-barcelona-patrocinador-oficial-de-laecc-en-marxa-2\/"]}]},{"@type":"ImageObject","inLanguage":"es","@id":"https:\/\/barcelonaenmarxa.org\/es\/aigues-de-barcelona-patrocinador-oficial-de-laecc-en-marxa-2\/#primaryimage","url":"https:\/\/barcelonaenmarxa.org\/wp-content\/uploads\/2019\/09\/carrera-contra-cancer-barcelona-2018.jpg","contentUrl":"https:\/\/barcelonaenmarxa.org\/wp-content\/uploads\/2019\/09\/carrera-contra-cancer-barcelona-2018.jpg","width":900,"height":675},{"@type":"BreadcrumbList","@id":"https:\/\/barcelonaenmarxa.org\/es\/aigues-de-barcelona-patrocinador-oficial-de-laecc-en-marxa-2\/#breadcrumb","itemListElement":[{"@type":"ListItem","position":1,"name":"Portada","item":"https:\/\/barcelonaenmarxa.org\/es\/inicio\/"},{"@type":"ListItem","position":2,"name":"AIG\u00dcES DE BARCELONA, PATROCINADOR OFICIAL DE LA AECC EN MARCHA"}]},{"@type":"WebSite","@id":"https:\/\/barcelonaenmarxa.org\/es\/#website","url":"https:\/\/barcelonaenmarxa.org\/es\/","name":"KM Contra El C\u00e0ncer","description":"","publisher":{"@id":"https:\/\/barcelonaenmarxa.org\/es\/#organization"},"potentialAction":[{"@type":"SearchAction","target":{"@type":"EntryPoint","urlTemplate":"https:\/\/barcelonaenmarxa.org\/es\/?s={search_term_string}"},"query-input":{"@type":"PropertyValueSpecification","valueRequired":true,"valueName":"search_term_string"}}],"inLanguage":"es"},{"@type":"Organization","@id":"https:\/\/barcelonaenmarxa.org\/es\/#organization","name":"Associaci\u00f3 contra el c\u00e0ncer a Barcelona","url":"https:\/\/barcelonaenmarxa.org\/es\/","logo":{"@type":"ImageObject","inLanguage":"es","@id":"https:\/\/barcelonaenmarxa.org\/es\/#\/schema\/logo\/image\/","url":"https:\/\/barcelonaenmarxa.org\/wp-content\/uploads\/2026\/03\/logo-acc-bcn-light-bg.svg","contentUrl":"https:\/\/barcelonaenmarxa.org\/wp-content\/uploads\/2026\/03\/logo-acc-bcn-light-bg.svg","width":"1024","height":"1024","caption":"Associaci\u00f3 contra el c\u00e0ncer a Barcelona"},"image":{"@id":"https:\/\/barcelonaenmarxa.org\/es\/#\/schema\/logo\/image\/"}},{"@type":"Person","@id":"https:\/\/barcelonaenmarxa.org\/es\/#\/schema\/person\/104ad03ec3078da01ca2810b637be3ab","name":"admins","image":{"@type":"ImageObject","inLanguage":"es","@id":"https:\/\/secure.gravatar.com\/avatar\/bbc67c27c20d4284c3e321e6aee926d9665cb03076289c28238cd24f1fb73309?s=96&d=mm&r=g","url":"https:\/\/secure.gravatar.com\/avatar\/bbc67c27c20d4284c3e321e6aee926d9665cb03076289c28238cd24f1fb73309?s=96&d=mm&r=g","contentUrl":"https:\/\/secure.gravatar.com\/avatar\/bbc67c27c20d4284c3e321e6aee926d9665cb03076289c28238cd24f1fb73309?s=96&d=mm&r=g","caption":"admins"},"sameAs":["https:\/\/barcelonaenmarxa.org"],"url":"https:\/\/barcelonaenmarxa.org\/es\/author\/admins\/"}]}},"_links":{"self":[{"href":"https:\/\/barcelonaenmarxa.org\/es\/wp-json\/wp\/v2\/posts\/467","targetHints":{"allow":["GET"]}}],"collection":[{"href":"https:\/\/barcelonaenmarxa.org\/es\/wp-json\/wp\/v2\/posts"}],"about":[{"href":"https:\/\/barcelonaenmarxa.org\/es\/wp-json\/wp\/v2\/types\/post"}],"author":[{"embeddable":true,"href":"https:\/\/barcelonaenmarxa.org\/es\/wp-json\/wp\/v2\/users\/1"}],"replies":[{"embeddable":true,"href":"https:\/\/barcelonaenmarxa.org\/es\/wp-json\/wp\/v2\/comments?post=467"}],"version-history":[{"count":0,"href":"https:\/\/barcelonaenmarxa.org\/es\/wp-json\/wp\/v2\/posts\/467\/revisions"}],"wp:featuredmedia":[{"embeddable":true,"href":"https:\/\/barcelonaenmarxa.org\/es\/wp-json\/wp\/v2\/media\/328"}],"wp:attachment":[{"href":"https:\/\/barcelonaenmarxa.org\/es\/wp-json\/wp\/v2\/media?parent=467"}],"wp:term":[{"taxonomy":"category","embeddable":true,"href":"https:\/\/barcelonaenmarxa.org\/es\/wp-json\/wp\/v2\/categories?post=467"},{"taxonomy":"post_tag","embeddable":true,"href":"https:\/\/barcelonaenmarxa.org\/es\/wp-json\/wp\/v2\/tags?post=467"}],"curies":[{"name":"wp","href":"https:\/\/api.w.org\/{rel}","templated":true}]}}