{"id":465,"date":"2019-09-09T16:07:26","date_gmt":"2019-09-09T14:07:26","guid":{"rendered":"http:\/\/barcelonaenmarxa.org\/5-000-corredors-han-creuat-la-meta-contra-el-cancer\/"},"modified":"2019-09-09T16:07:26","modified_gmt":"2019-09-09T14:07:26","slug":"5-000-corredors-han-creuat-la-meta-contra-el-cancer-2","status":"publish","type":"post","link":"https:\/\/barcelonaenmarxa.org\/es\/5-000-corredors-han-creuat-la-meta-contra-el-cancer-2\/","title":{"rendered":"5.000 corredores han cruzado la meta contra el c\u00e1ncer"},"content":{"rendered":"\n<p>Al voltant de 5.000 corredors han participat a la segona edici\u00f3 de la Cursa Barcelona en Marxa Contra el C\u00e0ncer, en benefici de l\u2019AECC \u2013 Catalunya contra el C\u00e0ncer de Barcelona. Tots els diners recaptats es destinaran a l\u2019acompanyament i el suport tant a pacients com familiars, aix\u00ed com per finan\u00e7ar projectes de recerca oncol\u00f2gica. El Parc del F\u00f2rum s\u2019ha tenyit de verd per creuar la meta contra el c\u00e0ncer.<\/p>\n\n<p>Els corredors de la cursa han pogut optar entre tres dist\u00e0ncies: 10 k, 5 k i una marxa de 2,5 k. A m\u00e9s, s\u2019han realitzat activitats per a tots els p\u00fablics, com el taller de ci\u00e8ncies \u201cPetits investigadors\u201d, el taller de pintacares, m\u00e0ster de zumba i m\u00e0ster de ball amb m\u00fasica dels 80.<\/p>\n\n<p>A la categoria masculina, el guanyador de la cursa de 10 km ha estat Josep D\u00edaz Carretero (32:20), seguit de V\u00edctor Doblas Diaz (32:35) i Eric Domingo Roldan (32:51).<\/p>\n\n<p>En categoria femenina la guanyadora ha estat Esther Cruz S\u00e1nchez (38:56). Aleksandra Zieminska (39:26) i Esther Vidal (41:05) han completat el podi.<\/p>\n\n<p>Pel que respecta a la cursa de 5 km Alvar Valero Berjaga (16:01) ha guanyat en categoria masculina, seguit de Rub\u00e9n Aguilar Mart\u00ed (16:19) i Enoc Navarro Vall\u00e9s (16:38).<\/p>\n\n<p>Irene Rius Ruiz (20:21) ha guanyat en categoria femenina, sent el podi completat per Isa Conde Iglesias (22:28) i Isabelle Anguelovski (22:58).<\/p>\n\n<p>Aquesta segona edici\u00f3 de la cursa ha estat possible gr\u00e0cies als voluntaris i al patrocini principal d\u2019Aig\u00fces de Barcelona. A m\u00e9s, tamb\u00e9 compta amb col\u00b7laboradors com Aneto, Calvo Ligero, Caprabo, El Granero Bio, Gallo, Grupo Zeta, La Fageda, KH7, Nestl\u00e9 Fitness, Pollo Rico, Pom\u2019bel, Thrombactiv i Barcelona Serveis Municipals.<\/p>\n","protected":false},"excerpt":{"rendered":"<p>Al voltant de 5.000 corredors han participat a la segona edici\u00f3 de la Cursa Barcelona en Marxa Contra el C\u00e0ncer, en benefici de l\u2019AECC \u2013 Catalunya contra el C\u00e0ncer de&#8230;<\/p>\n","protected":false},"author":1,"featured_media":334,"comment_status":"closed","ping_status":"closed","sticky":false,"template":"","format":"standard","meta":{"_acf_changed":false,"inline_featured_image":false,"footnotes":""},"categories":[],"tags":[],"class_list":["post-465","post","type-post","status-publish","format-standard","has-post-thumbnail"],"acf":[],"yoast_head":"<!-- This site is optimized with the Yoast SEO plugin v27.2 - https:\/\/yoast.com\/product\/yoast-seo-wordpress\/ -->\n<title>5.000 corredores han cruzado la meta contra el c\u00e1ncer - KM Contra el C\u00e0ncer<\/title>\n<meta name=\"robots\" content=\"noindex, follow, max-snippet:-1, max-image-preview:large, max-video-preview:-1\" \/>\n<meta property=\"og:locale\" content=\"es_ES\" \/>\n<meta property=\"og:type\" content=\"article\" \/>\n<meta property=\"og:title\" content=\"5.000 corredores han cruzado la meta contra el c\u00e1ncer - KM Contra el C\u00e0ncer\" \/>\n<meta property=\"og:description\" content=\"Al voltant de 5.000 corredors han participat a la segona edici\u00f3 de la Cursa Barcelona en Marxa Contra el C\u00e0ncer, en benefici de l\u2019AECC \u2013 Catalunya contra el C\u00e0ncer de...\" \/>\n<meta property=\"og:url\" content=\"https:\/\/barcelonaenmarxa.org\/es\/5-000-corredors-han-creuat-la-meta-contra-el-cancer-2\/\" \/>\n<meta property=\"og:site_name\" content=\"KM Contra el C\u00e0ncer\" \/>\n<meta property=\"article:published_time\" content=\"2019-09-09T14:07:26+00:00\" \/>\n<meta property=\"og:image\" content=\"https:\/\/barcelonaenmarxa.org\/wp-content\/uploads\/2019\/09\/aecc-barcelona-salida-2018.jpg\" \/>\n\t<meta property=\"og:image:width\" content=\"900\" \/>\n\t<meta property=\"og:image:height\" content=\"600\" \/>\n\t<meta property=\"og:image:type\" content=\"image\/jpeg\" \/>\n<meta name=\"author\" content=\"admins\" \/>\n<meta name=\"twitter:card\" content=\"summary_large_image\" \/>\n<meta name=\"twitter:label1\" content=\"Escrito por\" \/>\n\t<meta name=\"twitter:data1\" content=\"admins\" \/>\n\t<meta name=\"twitter:label2\" content=\"Tiempo de lectura\" \/>\n\t<meta name=\"twitter:data2\" content=\"1 minuto\" \/>\n<script type=\"application\/ld+json\" class=\"yoast-schema-graph\">{\"@context\":\"https:\/\/schema.org\",\"@graph\":[{\"@type\":\"Article\",\"@id\":\"https:\/\/barcelonaenmarxa.org\/es\/5-000-corredors-han-creuat-la-meta-contra-el-cancer-2\/#article\",\"isPartOf\":{\"@id\":\"https:\/\/barcelonaenmarxa.org\/es\/5-000-corredors-han-creuat-la-meta-contra-el-cancer-2\/\"},\"author\":{\"name\":\"admins\",\"@id\":\"https:\/\/barcelonaenmarxa.org\/es\/#\/schema\/person\/104ad03ec3078da01ca2810b637be3ab\"},\"headline\":\"5.000 corredores han cruzado la meta contra el c\u00e1ncer\",\"datePublished\":\"2019-09-09T14:07:26+00:00\",\"mainEntityOfPage\":{\"@id\":\"https:\/\/barcelonaenmarxa.org\/es\/5-000-corredors-han-creuat-la-meta-contra-el-cancer-2\/\"},\"wordCount\":291,\"publisher\":{\"@id\":\"https:\/\/barcelonaenmarxa.org\/es\/#organization\"},\"image\":{\"@id\":\"https:\/\/barcelonaenmarxa.org\/es\/5-000-corredors-han-creuat-la-meta-contra-el-cancer-2\/#primaryimage\"},\"thumbnailUrl\":\"https:\/\/barcelonaenmarxa.org\/wp-content\/uploads\/2019\/09\/aecc-barcelona-salida-2018.jpg\",\"inLanguage\":\"es\"},{\"@type\":\"WebPage\",\"@id\":\"https:\/\/barcelonaenmarxa.org\/es\/5-000-corredors-han-creuat-la-meta-contra-el-cancer-2\/\",\"url\":\"https:\/\/barcelonaenmarxa.org\/es\/5-000-corredors-han-creuat-la-meta-contra-el-cancer-2\/\",\"name\":\"5.000 corredores han cruzado la meta contra el c\u00e1ncer - KM Contra el C\u00e0ncer\",\"isPartOf\":{\"@id\":\"https:\/\/barcelonaenmarxa.org\/es\/#website\"},\"primaryImageOfPage\":{\"@id\":\"https:\/\/barcelonaenmarxa.org\/es\/5-000-corredors-han-creuat-la-meta-contra-el-cancer-2\/#primaryimage\"},\"image\":{\"@id\":\"https:\/\/barcelonaenmarxa.org\/es\/5-000-corredors-han-creuat-la-meta-contra-el-cancer-2\/#primaryimage\"},\"thumbnailUrl\":\"https:\/\/barcelonaenmarxa.org\/wp-content\/uploads\/2019\/09\/aecc-barcelona-salida-2018.jpg\",\"datePublished\":\"2019-09-09T14:07:26+00:00\",\"breadcrumb\":{\"@id\":\"https:\/\/barcelonaenmarxa.org\/es\/5-000-corredors-han-creuat-la-meta-contra-el-cancer-2\/#breadcrumb\"},\"inLanguage\":\"es\",\"potentialAction\":[{\"@type\":\"ReadAction\",\"target\":[\"https:\/\/barcelonaenmarxa.org\/es\/5-000-corredors-han-creuat-la-meta-contra-el-cancer-2\/\"]}]},{\"@type\":\"ImageObject\",\"inLanguage\":\"es\",\"@id\":\"https:\/\/barcelonaenmarxa.org\/es\/5-000-corredors-han-creuat-la-meta-contra-el-cancer-2\/#primaryimage\",\"url\":\"https:\/\/barcelonaenmarxa.org\/wp-content\/uploads\/2019\/09\/aecc-barcelona-salida-2018.jpg\",\"contentUrl\":\"https:\/\/barcelonaenmarxa.org\/wp-content\/uploads\/2019\/09\/aecc-barcelona-salida-2018.jpg\",\"width\":900,\"height\":600},{\"@type\":\"BreadcrumbList\",\"@id\":\"https:\/\/barcelonaenmarxa.org\/es\/5-000-corredors-han-creuat-la-meta-contra-el-cancer-2\/#breadcrumb\",\"itemListElement\":[{\"@type\":\"ListItem\",\"position\":1,\"name\":\"Portada\",\"item\":\"https:\/\/barcelonaenmarxa.org\/es\/inicio\/\"},{\"@type\":\"ListItem\",\"position\":2,\"name\":\"5.000 corredores han cruzado la meta contra el c\u00e1ncer\"}]},{\"@type\":\"WebSite\",\"@id\":\"https:\/\/barcelonaenmarxa.org\/es\/#website\",\"url\":\"https:\/\/barcelonaenmarxa.org\/es\/\",\"name\":\"KM Contra El C\u00e0ncer\",\"description\":\"\",\"publisher\":{\"@id\":\"https:\/\/barcelonaenmarxa.org\/es\/#organization\"},\"potentialAction\":[{\"@type\":\"SearchAction\",\"target\":{\"@type\":\"EntryPoint\",\"urlTemplate\":\"https:\/\/barcelonaenmarxa.org\/es\/?s={search_term_string}\"},\"query-input\":{\"@type\":\"PropertyValueSpecification\",\"valueRequired\":true,\"valueName\":\"search_term_string\"}}],\"inLanguage\":\"es\"},{\"@type\":\"Organization\",\"@id\":\"https:\/\/barcelonaenmarxa.org\/es\/#organization\",\"name\":\"Associaci\u00f3 contra el c\u00e0ncer a Barcelona\",\"url\":\"https:\/\/barcelonaenmarxa.org\/es\/\",\"logo\":{\"@type\":\"ImageObject\",\"inLanguage\":\"es\",\"@id\":\"https:\/\/barcelonaenmarxa.org\/es\/#\/schema\/logo\/image\/\",\"url\":\"https:\/\/barcelonaenmarxa.org\/wp-content\/uploads\/2026\/03\/logo-acc-bcn-light-bg.svg\",\"contentUrl\":\"https:\/\/barcelonaenmarxa.org\/wp-content\/uploads\/2026\/03\/logo-acc-bcn-light-bg.svg\",\"width\":\"1024\",\"height\":\"1024\",\"caption\":\"Associaci\u00f3 contra el c\u00e0ncer a Barcelona\"},\"image\":{\"@id\":\"https:\/\/barcelonaenmarxa.org\/es\/#\/schema\/logo\/image\/\"}},{\"@type\":\"Person\",\"@id\":\"https:\/\/barcelonaenmarxa.org\/es\/#\/schema\/person\/104ad03ec3078da01ca2810b637be3ab\",\"name\":\"admins\",\"image\":{\"@type\":\"ImageObject\",\"inLanguage\":\"es\",\"@id\":\"https:\/\/secure.gravatar.com\/avatar\/bbc67c27c20d4284c3e321e6aee926d9665cb03076289c28238cd24f1fb73309?s=96&d=mm&r=g\",\"url\":\"https:\/\/secure.gravatar.com\/avatar\/bbc67c27c20d4284c3e321e6aee926d9665cb03076289c28238cd24f1fb73309?s=96&d=mm&r=g\",\"contentUrl\":\"https:\/\/secure.gravatar.com\/avatar\/bbc67c27c20d4284c3e321e6aee926d9665cb03076289c28238cd24f1fb73309?s=96&d=mm&r=g\",\"caption\":\"admins\"},\"sameAs\":[\"https:\/\/barcelonaenmarxa.org\"],\"url\":\"https:\/\/barcelonaenmarxa.org\/es\/author\/admins\/\"}]}<\/script>\n<!-- \/ Yoast SEO plugin. -->","yoast_head_json":{"title":"5.000 corredores han cruzado la meta contra el c\u00e1ncer - KM Contra el C\u00e0ncer","robots":{"index":"noindex","follow":"follow","max-snippet":"max-snippet:-1","max-image-preview":"max-image-preview:large","max-video-preview":"max-video-preview:-1"},"og_locale":"es_ES","og_type":"article","og_title":"5.000 corredores han cruzado la meta contra el c\u00e1ncer - KM Contra el C\u00e0ncer","og_description":"Al voltant de 5.000 corredors han participat a la segona edici\u00f3 de la Cursa Barcelona en Marxa Contra el C\u00e0ncer, en benefici de l\u2019AECC \u2013 Catalunya contra el C\u00e0ncer de...","og_url":"https:\/\/barcelonaenmarxa.org\/es\/5-000-corredors-han-creuat-la-meta-contra-el-cancer-2\/","og_site_name":"KM Contra el C\u00e0ncer","article_published_time":"2019-09-09T14:07:26+00:00","og_image":[{"width":900,"height":600,"url":"https:\/\/barcelonaenmarxa.org\/wp-content\/uploads\/2019\/09\/aecc-barcelona-salida-2018.jpg","type":"image\/jpeg"}],"author":"admins","twitter_card":"summary_large_image","twitter_misc":{"Escrito por":"admins","Tiempo de lectura":"1 minuto"},"schema":{"@context":"https:\/\/schema.org","@graph":[{"@type":"Article","@id":"https:\/\/barcelonaenmarxa.org\/es\/5-000-corredors-han-creuat-la-meta-contra-el-cancer-2\/#article","isPartOf":{"@id":"https:\/\/barcelonaenmarxa.org\/es\/5-000-corredors-han-creuat-la-meta-contra-el-cancer-2\/"},"author":{"name":"admins","@id":"https:\/\/barcelonaenmarxa.org\/es\/#\/schema\/person\/104ad03ec3078da01ca2810b637be3ab"},"headline":"5.000 corredores han cruzado la meta contra el c\u00e1ncer","datePublished":"2019-09-09T14:07:26+00:00","mainEntityOfPage":{"@id":"https:\/\/barcelonaenmarxa.org\/es\/5-000-corredors-han-creuat-la-meta-contra-el-cancer-2\/"},"wordCount":291,"publisher":{"@id":"https:\/\/barcelonaenmarxa.org\/es\/#organization"},"image":{"@id":"https:\/\/barcelonaenmarxa.org\/es\/5-000-corredors-han-creuat-la-meta-contra-el-cancer-2\/#primaryimage"},"thumbnailUrl":"https:\/\/barcelonaenmarxa.org\/wp-content\/uploads\/2019\/09\/aecc-barcelona-salida-2018.jpg","inLanguage":"es"},{"@type":"WebPage","@id":"https:\/\/barcelonaenmarxa.org\/es\/5-000-corredors-han-creuat-la-meta-contra-el-cancer-2\/","url":"https:\/\/barcelonaenmarxa.org\/es\/5-000-corredors-han-creuat-la-meta-contra-el-cancer-2\/","name":"5.000 corredores han cruzado la meta contra el c\u00e1ncer - KM Contra el C\u00e0ncer","isPartOf":{"@id":"https:\/\/barcelonaenmarxa.org\/es\/#website"},"primaryImageOfPage":{"@id":"https:\/\/barcelonaenmarxa.org\/es\/5-000-corredors-han-creuat-la-meta-contra-el-cancer-2\/#primaryimage"},"image":{"@id":"https:\/\/barcelonaenmarxa.org\/es\/5-000-corredors-han-creuat-la-meta-contra-el-cancer-2\/#primaryimage"},"thumbnailUrl":"https:\/\/barcelonaenmarxa.org\/wp-content\/uploads\/2019\/09\/aecc-barcelona-salida-2018.jpg","datePublished":"2019-09-09T14:07:26+00:00","breadcrumb":{"@id":"https:\/\/barcelonaenmarxa.org\/es\/5-000-corredors-han-creuat-la-meta-contra-el-cancer-2\/#breadcrumb"},"inLanguage":"es","potentialAction":[{"@type":"ReadAction","target":["https:\/\/barcelonaenmarxa.org\/es\/5-000-corredors-han-creuat-la-meta-contra-el-cancer-2\/"]}]},{"@type":"ImageObject","inLanguage":"es","@id":"https:\/\/barcelonaenmarxa.org\/es\/5-000-corredors-han-creuat-la-meta-contra-el-cancer-2\/#primaryimage","url":"https:\/\/barcelonaenmarxa.org\/wp-content\/uploads\/2019\/09\/aecc-barcelona-salida-2018.jpg","contentUrl":"https:\/\/barcelonaenmarxa.org\/wp-content\/uploads\/2019\/09\/aecc-barcelona-salida-2018.jpg","width":900,"height":600},{"@type":"BreadcrumbList","@id":"https:\/\/barcelonaenmarxa.org\/es\/5-000-corredors-han-creuat-la-meta-contra-el-cancer-2\/#breadcrumb","itemListElement":[{"@type":"ListItem","position":1,"name":"Portada","item":"https:\/\/barcelonaenmarxa.org\/es\/inicio\/"},{"@type":"ListItem","position":2,"name":"5.000 corredores han cruzado la meta contra el c\u00e1ncer"}]},{"@type":"WebSite","@id":"https:\/\/barcelonaenmarxa.org\/es\/#website","url":"https:\/\/barcelonaenmarxa.org\/es\/","name":"KM Contra El C\u00e0ncer","description":"","publisher":{"@id":"https:\/\/barcelonaenmarxa.org\/es\/#organization"},"potentialAction":[{"@type":"SearchAction","target":{"@type":"EntryPoint","urlTemplate":"https:\/\/barcelonaenmarxa.org\/es\/?s={search_term_string}"},"query-input":{"@type":"PropertyValueSpecification","valueRequired":true,"valueName":"search_term_string"}}],"inLanguage":"es"},{"@type":"Organization","@id":"https:\/\/barcelonaenmarxa.org\/es\/#organization","name":"Associaci\u00f3 contra el c\u00e0ncer a Barcelona","url":"https:\/\/barcelonaenmarxa.org\/es\/","logo":{"@type":"ImageObject","inLanguage":"es","@id":"https:\/\/barcelonaenmarxa.org\/es\/#\/schema\/logo\/image\/","url":"https:\/\/barcelonaenmarxa.org\/wp-content\/uploads\/2026\/03\/logo-acc-bcn-light-bg.svg","contentUrl":"https:\/\/barcelonaenmarxa.org\/wp-content\/uploads\/2026\/03\/logo-acc-bcn-light-bg.svg","width":"1024","height":"1024","caption":"Associaci\u00f3 contra el c\u00e0ncer a Barcelona"},"image":{"@id":"https:\/\/barcelonaenmarxa.org\/es\/#\/schema\/logo\/image\/"}},{"@type":"Person","@id":"https:\/\/barcelonaenmarxa.org\/es\/#\/schema\/person\/104ad03ec3078da01ca2810b637be3ab","name":"admins","image":{"@type":"ImageObject","inLanguage":"es","@id":"https:\/\/secure.gravatar.com\/avatar\/bbc67c27c20d4284c3e321e6aee926d9665cb03076289c28238cd24f1fb73309?s=96&d=mm&r=g","url":"https:\/\/secure.gravatar.com\/avatar\/bbc67c27c20d4284c3e321e6aee926d9665cb03076289c28238cd24f1fb73309?s=96&d=mm&r=g","contentUrl":"https:\/\/secure.gravatar.com\/avatar\/bbc67c27c20d4284c3e321e6aee926d9665cb03076289c28238cd24f1fb73309?s=96&d=mm&r=g","caption":"admins"},"sameAs":["https:\/\/barcelonaenmarxa.org"],"url":"https:\/\/barcelonaenmarxa.org\/es\/author\/admins\/"}]}},"_links":{"self":[{"href":"https:\/\/barcelonaenmarxa.org\/es\/wp-json\/wp\/v2\/posts\/465","targetHints":{"allow":["GET"]}}],"collection":[{"href":"https:\/\/barcelonaenmarxa.org\/es\/wp-json\/wp\/v2\/posts"}],"about":[{"href":"https:\/\/barcelonaenmarxa.org\/es\/wp-json\/wp\/v2\/types\/post"}],"author":[{"embeddable":true,"href":"https:\/\/barcelonaenmarxa.org\/es\/wp-json\/wp\/v2\/users\/1"}],"replies":[{"embeddable":true,"href":"https:\/\/barcelonaenmarxa.org\/es\/wp-json\/wp\/v2\/comments?post=465"}],"version-history":[{"count":0,"href":"https:\/\/barcelonaenmarxa.org\/es\/wp-json\/wp\/v2\/posts\/465\/revisions"}],"wp:featuredmedia":[{"embeddable":true,"href":"https:\/\/barcelonaenmarxa.org\/es\/wp-json\/wp\/v2\/media\/334"}],"wp:attachment":[{"href":"https:\/\/barcelonaenmarxa.org\/es\/wp-json\/wp\/v2\/media?parent=465"}],"wp:term":[{"taxonomy":"category","embeddable":true,"href":"https:\/\/barcelonaenmarxa.org\/es\/wp-json\/wp\/v2\/categories?post=465"},{"taxonomy":"post_tag","embeddable":true,"href":"https:\/\/barcelonaenmarxa.org\/es\/wp-json\/wp\/v2\/tags?post=465"}],"curies":[{"name":"wp","href":"https:\/\/api.w.org\/{rel}","templated":true}]}}