{"id":4121,"date":"2025-10-15T15:04:35","date_gmt":"2025-10-15T13:04:35","guid":{"rendered":"https:\/\/barcelonaenmarxa.org\/?p=4121"},"modified":"2025-10-15T15:04:35","modified_gmt":"2025-10-15T13:04:35","slug":"vuelve-la-carrera-barcelona-en-marcha-contra-el-cancer-deichmann-kmxtothom","status":"publish","type":"post","link":"https:\/\/barcelonaenmarxa.org\/es\/vuelve-la-carrera-barcelona-en-marcha-contra-el-cancer-deichmann-kmxtothom\/","title":{"rendered":"\u00a1Vuelve la carrera Barcelona en marcha contra el c\u00e1ncer Deichmann Kmxtothom!"},"content":{"rendered":"\n<p>\u00a1Vuelve la carrera <strong>Barcelona en marcha contra el c\u00e1ncer Deichmann Kmxtothom!<\/strong><\/p>\n\n\n\n<p>El domingo 14 de diciembre, en el Parc del F\u00f2rum, corre o camina contra el c\u00e1ncer. Puedes elegir entre 10 km, 5 km, 2,5 km o la carrera infantil. Corre por quien t\u00fa quieras: para recordar, para celebrar o para dar esperanza.<\/p>\n\n\n\n<p><strong>El 100% de tu inscripci\u00f3n se destinar\u00e1 a la investigaci\u00f3n contra el c\u00e1ncer, y 5 \u20ac ir\u00e1n directamente a La Marat\u00f3 de 3CAT para apoyar sus proyectos y a las personas con c\u00e1ncer.<\/strong><\/p>\n\n\n\n<p>Inscr\u00edbete antes del 15 de noviembre y disfruta del precio especial de 15 \u20ac para las carreras de 5 y 10 km (despu\u00e9s ser\u00e1n 17 \u20ac).<\/p>\n\n\n\n<p>\u00a1Corre! \u00a1Y no te quedes sin tu descuento! Inscr\u00edbete en el enlace de la bio.<\/p>\n\n\n\n<p>\u00bfY t\u00fa, por qui\u00e9n corres?<\/p>\n\n\n\n<p>\ud83d\udc49 Consulta la publicaci\u00f3n en nuestro Instagram haciendo clic <a href=\"https:\/\/www.instagram.com\/p\/DP1ezseCCKY\/\">aqu\u00ed<\/a>.<\/p>\n\n\n\n<p><\/p>\n","protected":false},"excerpt":{"rendered":"<p>\u00a1Vuelve la carrera Barcelona en marcha contra el c\u00e1ncer Deichmann Kmxtothom! El domingo 14 de diciembre, en el Parc del F\u00f2rum, corre o camina contra el c\u00e1ncer. Puedes elegir entre&#8230;<\/p>\n","protected":false},"author":1,"featured_media":4127,"comment_status":"closed","ping_status":"closed","sticky":false,"template":"","format":"standard","meta":{"_acf_changed":false,"inline_featured_image":false,"footnotes":""},"categories":[],"tags":[],"class_list":["post-4121","post","type-post","status-publish","format-standard","has-post-thumbnail"],"acf":[],"yoast_head":"<!-- This site is optimized with the Yoast SEO plugin v27.2 - https:\/\/yoast.com\/product\/yoast-seo-wordpress\/ -->\n<title>\u00a1Vuelve la carrera Barcelona en marcha contra el c\u00e1ncer Deichmann Kmxtothom! - KM Contra el C\u00e0ncer<\/title>\n<meta name=\"robots\" content=\"noindex, follow, max-snippet:-1, max-image-preview:large, max-video-preview:-1\" \/>\n<meta property=\"og:locale\" content=\"es_ES\" \/>\n<meta property=\"og:type\" content=\"article\" \/>\n<meta property=\"og:title\" content=\"\u00a1Vuelve la carrera Barcelona en marcha contra el c\u00e1ncer Deichmann Kmxtothom! - KM Contra el C\u00e0ncer\" \/>\n<meta property=\"og:description\" content=\"\u00a1Vuelve la carrera Barcelona en marcha contra el c\u00e1ncer Deichmann Kmxtothom! El domingo 14 de diciembre, en el Parc del F\u00f2rum, corre o camina contra el c\u00e1ncer. Puedes elegir entre...\" \/>\n<meta property=\"og:url\" content=\"https:\/\/barcelonaenmarxa.org\/es\/vuelve-la-carrera-barcelona-en-marcha-contra-el-cancer-deichmann-kmxtothom\/\" \/>\n<meta property=\"og:site_name\" content=\"KM Contra el C\u00e0ncer\" \/>\n<meta property=\"article:published_time\" content=\"2025-10-15T13:04:35+00:00\" \/>\n<meta property=\"og:image\" content=\"https:\/\/barcelonaenmarxa.org\/wp-content\/uploads\/2025\/10\/DSC09777-1-scaled-1.jpg\" \/>\n\t<meta property=\"og:image:width\" content=\"2560\" \/>\n\t<meta property=\"og:image:height\" content=\"1707\" \/>\n\t<meta property=\"og:image:type\" content=\"image\/jpeg\" \/>\n<meta name=\"author\" content=\"admins\" \/>\n<meta name=\"twitter:card\" content=\"summary_large_image\" \/>\n<meta name=\"twitter:label1\" content=\"Escrito por\" \/>\n\t<meta name=\"twitter:data1\" content=\"admins\" \/>\n\t<meta name=\"twitter:label2\" content=\"Tiempo de lectura\" \/>\n\t<meta name=\"twitter:data2\" content=\"1 minuto\" \/>\n<script type=\"application\/ld+json\" class=\"yoast-schema-graph\">{\"@context\":\"https:\/\/schema.org\",\"@graph\":[{\"@type\":\"Article\",\"@id\":\"https:\/\/barcelonaenmarxa.org\/es\/vuelve-la-carrera-barcelona-en-marcha-contra-el-cancer-deichmann-kmxtothom\/#article\",\"isPartOf\":{\"@id\":\"https:\/\/barcelonaenmarxa.org\/es\/vuelve-la-carrera-barcelona-en-marcha-contra-el-cancer-deichmann-kmxtothom\/\"},\"author\":{\"name\":\"admins\",\"@id\":\"https:\/\/barcelonaenmarxa.org\/es\/#\/schema\/person\/104ad03ec3078da01ca2810b637be3ab\"},\"headline\":\"\u00a1Vuelve la carrera Barcelona en marcha contra el c\u00e1ncer Deichmann Kmxtothom!\",\"datePublished\":\"2025-10-15T13:04:35+00:00\",\"mainEntityOfPage\":{\"@id\":\"https:\/\/barcelonaenmarxa.org\/es\/vuelve-la-carrera-barcelona-en-marcha-contra-el-cancer-deichmann-kmxtothom\/\"},\"wordCount\":153,\"publisher\":{\"@id\":\"https:\/\/barcelonaenmarxa.org\/es\/#organization\"},\"image\":{\"@id\":\"https:\/\/barcelonaenmarxa.org\/es\/vuelve-la-carrera-barcelona-en-marcha-contra-el-cancer-deichmann-kmxtothom\/#primaryimage\"},\"thumbnailUrl\":\"https:\/\/barcelonaenmarxa.org\/wp-content\/uploads\/2025\/10\/DSC09777-1-scaled-1.jpg\",\"inLanguage\":\"es\"},{\"@type\":\"WebPage\",\"@id\":\"https:\/\/barcelonaenmarxa.org\/es\/vuelve-la-carrera-barcelona-en-marcha-contra-el-cancer-deichmann-kmxtothom\/\",\"url\":\"https:\/\/barcelonaenmarxa.org\/es\/vuelve-la-carrera-barcelona-en-marcha-contra-el-cancer-deichmann-kmxtothom\/\",\"name\":\"\u00a1Vuelve la carrera Barcelona en marcha contra el c\u00e1ncer Deichmann Kmxtothom! - KM Contra el C\u00e0ncer\",\"isPartOf\":{\"@id\":\"https:\/\/barcelonaenmarxa.org\/es\/#website\"},\"primaryImageOfPage\":{\"@id\":\"https:\/\/barcelonaenmarxa.org\/es\/vuelve-la-carrera-barcelona-en-marcha-contra-el-cancer-deichmann-kmxtothom\/#primaryimage\"},\"image\":{\"@id\":\"https:\/\/barcelonaenmarxa.org\/es\/vuelve-la-carrera-barcelona-en-marcha-contra-el-cancer-deichmann-kmxtothom\/#primaryimage\"},\"thumbnailUrl\":\"https:\/\/barcelonaenmarxa.org\/wp-content\/uploads\/2025\/10\/DSC09777-1-scaled-1.jpg\",\"datePublished\":\"2025-10-15T13:04:35+00:00\",\"breadcrumb\":{\"@id\":\"https:\/\/barcelonaenmarxa.org\/es\/vuelve-la-carrera-barcelona-en-marcha-contra-el-cancer-deichmann-kmxtothom\/#breadcrumb\"},\"inLanguage\":\"es\",\"potentialAction\":[{\"@type\":\"ReadAction\",\"target\":[\"https:\/\/barcelonaenmarxa.org\/es\/vuelve-la-carrera-barcelona-en-marcha-contra-el-cancer-deichmann-kmxtothom\/\"]}]},{\"@type\":\"ImageObject\",\"inLanguage\":\"es\",\"@id\":\"https:\/\/barcelonaenmarxa.org\/es\/vuelve-la-carrera-barcelona-en-marcha-contra-el-cancer-deichmann-kmxtothom\/#primaryimage\",\"url\":\"https:\/\/barcelonaenmarxa.org\/wp-content\/uploads\/2025\/10\/DSC09777-1-scaled-1.jpg\",\"contentUrl\":\"https:\/\/barcelonaenmarxa.org\/wp-content\/uploads\/2025\/10\/DSC09777-1-scaled-1.jpg\",\"width\":2560,\"height\":1707},{\"@type\":\"BreadcrumbList\",\"@id\":\"https:\/\/barcelonaenmarxa.org\/es\/vuelve-la-carrera-barcelona-en-marcha-contra-el-cancer-deichmann-kmxtothom\/#breadcrumb\",\"itemListElement\":[{\"@type\":\"ListItem\",\"position\":1,\"name\":\"Portada\",\"item\":\"https:\/\/barcelonaenmarxa.org\/es\/inicio\/\"},{\"@type\":\"ListItem\",\"position\":2,\"name\":\"\u00a1Vuelve la carrera Barcelona en marcha contra el c\u00e1ncer Deichmann Kmxtothom!\"}]},{\"@type\":\"WebSite\",\"@id\":\"https:\/\/barcelonaenmarxa.org\/es\/#website\",\"url\":\"https:\/\/barcelonaenmarxa.org\/es\/\",\"name\":\"KM Contra El C\u00e0ncer\",\"description\":\"\",\"publisher\":{\"@id\":\"https:\/\/barcelonaenmarxa.org\/es\/#organization\"},\"potentialAction\":[{\"@type\":\"SearchAction\",\"target\":{\"@type\":\"EntryPoint\",\"urlTemplate\":\"https:\/\/barcelonaenmarxa.org\/es\/?s={search_term_string}\"},\"query-input\":{\"@type\":\"PropertyValueSpecification\",\"valueRequired\":true,\"valueName\":\"search_term_string\"}}],\"inLanguage\":\"es\"},{\"@type\":\"Organization\",\"@id\":\"https:\/\/barcelonaenmarxa.org\/es\/#organization\",\"name\":\"Associaci\u00f3 contra el c\u00e0ncer a Barcelona\",\"url\":\"https:\/\/barcelonaenmarxa.org\/es\/\",\"logo\":{\"@type\":\"ImageObject\",\"inLanguage\":\"es\",\"@id\":\"https:\/\/barcelonaenmarxa.org\/es\/#\/schema\/logo\/image\/\",\"url\":\"https:\/\/barcelonaenmarxa.org\/wp-content\/uploads\/2026\/03\/logo-acc-bcn-light-bg.svg\",\"contentUrl\":\"https:\/\/barcelonaenmarxa.org\/wp-content\/uploads\/2026\/03\/logo-acc-bcn-light-bg.svg\",\"width\":\"1024\",\"height\":\"1024\",\"caption\":\"Associaci\u00f3 contra el c\u00e0ncer a Barcelona\"},\"image\":{\"@id\":\"https:\/\/barcelonaenmarxa.org\/es\/#\/schema\/logo\/image\/\"}},{\"@type\":\"Person\",\"@id\":\"https:\/\/barcelonaenmarxa.org\/es\/#\/schema\/person\/104ad03ec3078da01ca2810b637be3ab\",\"name\":\"admins\",\"image\":{\"@type\":\"ImageObject\",\"inLanguage\":\"es\",\"@id\":\"https:\/\/secure.gravatar.com\/avatar\/bbc67c27c20d4284c3e321e6aee926d9665cb03076289c28238cd24f1fb73309?s=96&d=mm&r=g\",\"url\":\"https:\/\/secure.gravatar.com\/avatar\/bbc67c27c20d4284c3e321e6aee926d9665cb03076289c28238cd24f1fb73309?s=96&d=mm&r=g\",\"contentUrl\":\"https:\/\/secure.gravatar.com\/avatar\/bbc67c27c20d4284c3e321e6aee926d9665cb03076289c28238cd24f1fb73309?s=96&d=mm&r=g\",\"caption\":\"admins\"},\"sameAs\":[\"https:\/\/barcelonaenmarxa.org\"],\"url\":\"https:\/\/barcelonaenmarxa.org\/es\/author\/admins\/\"}]}<\/script>\n<!-- \/ Yoast SEO plugin. -->","yoast_head_json":{"title":"\u00a1Vuelve la carrera Barcelona en marcha contra el c\u00e1ncer Deichmann Kmxtothom! - KM Contra el C\u00e0ncer","robots":{"index":"noindex","follow":"follow","max-snippet":"max-snippet:-1","max-image-preview":"max-image-preview:large","max-video-preview":"max-video-preview:-1"},"og_locale":"es_ES","og_type":"article","og_title":"\u00a1Vuelve la carrera Barcelona en marcha contra el c\u00e1ncer Deichmann Kmxtothom! - KM Contra el C\u00e0ncer","og_description":"\u00a1Vuelve la carrera Barcelona en marcha contra el c\u00e1ncer Deichmann Kmxtothom! El domingo 14 de diciembre, en el Parc del F\u00f2rum, corre o camina contra el c\u00e1ncer. Puedes elegir entre...","og_url":"https:\/\/barcelonaenmarxa.org\/es\/vuelve-la-carrera-barcelona-en-marcha-contra-el-cancer-deichmann-kmxtothom\/","og_site_name":"KM Contra el C\u00e0ncer","article_published_time":"2025-10-15T13:04:35+00:00","og_image":[{"width":2560,"height":1707,"url":"https:\/\/barcelonaenmarxa.org\/wp-content\/uploads\/2025\/10\/DSC09777-1-scaled-1.jpg","type":"image\/jpeg"}],"author":"admins","twitter_card":"summary_large_image","twitter_misc":{"Escrito por":"admins","Tiempo de lectura":"1 minuto"},"schema":{"@context":"https:\/\/schema.org","@graph":[{"@type":"Article","@id":"https:\/\/barcelonaenmarxa.org\/es\/vuelve-la-carrera-barcelona-en-marcha-contra-el-cancer-deichmann-kmxtothom\/#article","isPartOf":{"@id":"https:\/\/barcelonaenmarxa.org\/es\/vuelve-la-carrera-barcelona-en-marcha-contra-el-cancer-deichmann-kmxtothom\/"},"author":{"name":"admins","@id":"https:\/\/barcelonaenmarxa.org\/es\/#\/schema\/person\/104ad03ec3078da01ca2810b637be3ab"},"headline":"\u00a1Vuelve la carrera Barcelona en marcha contra el c\u00e1ncer Deichmann Kmxtothom!","datePublished":"2025-10-15T13:04:35+00:00","mainEntityOfPage":{"@id":"https:\/\/barcelonaenmarxa.org\/es\/vuelve-la-carrera-barcelona-en-marcha-contra-el-cancer-deichmann-kmxtothom\/"},"wordCount":153,"publisher":{"@id":"https:\/\/barcelonaenmarxa.org\/es\/#organization"},"image":{"@id":"https:\/\/barcelonaenmarxa.org\/es\/vuelve-la-carrera-barcelona-en-marcha-contra-el-cancer-deichmann-kmxtothom\/#primaryimage"},"thumbnailUrl":"https:\/\/barcelonaenmarxa.org\/wp-content\/uploads\/2025\/10\/DSC09777-1-scaled-1.jpg","inLanguage":"es"},{"@type":"WebPage","@id":"https:\/\/barcelonaenmarxa.org\/es\/vuelve-la-carrera-barcelona-en-marcha-contra-el-cancer-deichmann-kmxtothom\/","url":"https:\/\/barcelonaenmarxa.org\/es\/vuelve-la-carrera-barcelona-en-marcha-contra-el-cancer-deichmann-kmxtothom\/","name":"\u00a1Vuelve la carrera Barcelona en marcha contra el c\u00e1ncer Deichmann Kmxtothom! - KM Contra el C\u00e0ncer","isPartOf":{"@id":"https:\/\/barcelonaenmarxa.org\/es\/#website"},"primaryImageOfPage":{"@id":"https:\/\/barcelonaenmarxa.org\/es\/vuelve-la-carrera-barcelona-en-marcha-contra-el-cancer-deichmann-kmxtothom\/#primaryimage"},"image":{"@id":"https:\/\/barcelonaenmarxa.org\/es\/vuelve-la-carrera-barcelona-en-marcha-contra-el-cancer-deichmann-kmxtothom\/#primaryimage"},"thumbnailUrl":"https:\/\/barcelonaenmarxa.org\/wp-content\/uploads\/2025\/10\/DSC09777-1-scaled-1.jpg","datePublished":"2025-10-15T13:04:35+00:00","breadcrumb":{"@id":"https:\/\/barcelonaenmarxa.org\/es\/vuelve-la-carrera-barcelona-en-marcha-contra-el-cancer-deichmann-kmxtothom\/#breadcrumb"},"inLanguage":"es","potentialAction":[{"@type":"ReadAction","target":["https:\/\/barcelonaenmarxa.org\/es\/vuelve-la-carrera-barcelona-en-marcha-contra-el-cancer-deichmann-kmxtothom\/"]}]},{"@type":"ImageObject","inLanguage":"es","@id":"https:\/\/barcelonaenmarxa.org\/es\/vuelve-la-carrera-barcelona-en-marcha-contra-el-cancer-deichmann-kmxtothom\/#primaryimage","url":"https:\/\/barcelonaenmarxa.org\/wp-content\/uploads\/2025\/10\/DSC09777-1-scaled-1.jpg","contentUrl":"https:\/\/barcelonaenmarxa.org\/wp-content\/uploads\/2025\/10\/DSC09777-1-scaled-1.jpg","width":2560,"height":1707},{"@type":"BreadcrumbList","@id":"https:\/\/barcelonaenmarxa.org\/es\/vuelve-la-carrera-barcelona-en-marcha-contra-el-cancer-deichmann-kmxtothom\/#breadcrumb","itemListElement":[{"@type":"ListItem","position":1,"name":"Portada","item":"https:\/\/barcelonaenmarxa.org\/es\/inicio\/"},{"@type":"ListItem","position":2,"name":"\u00a1Vuelve la carrera Barcelona en marcha contra el c\u00e1ncer Deichmann Kmxtothom!"}]},{"@type":"WebSite","@id":"https:\/\/barcelonaenmarxa.org\/es\/#website","url":"https:\/\/barcelonaenmarxa.org\/es\/","name":"KM Contra El C\u00e0ncer","description":"","publisher":{"@id":"https:\/\/barcelonaenmarxa.org\/es\/#organization"},"potentialAction":[{"@type":"SearchAction","target":{"@type":"EntryPoint","urlTemplate":"https:\/\/barcelonaenmarxa.org\/es\/?s={search_term_string}"},"query-input":{"@type":"PropertyValueSpecification","valueRequired":true,"valueName":"search_term_string"}}],"inLanguage":"es"},{"@type":"Organization","@id":"https:\/\/barcelonaenmarxa.org\/es\/#organization","name":"Associaci\u00f3 contra el c\u00e0ncer a Barcelona","url":"https:\/\/barcelonaenmarxa.org\/es\/","logo":{"@type":"ImageObject","inLanguage":"es","@id":"https:\/\/barcelonaenmarxa.org\/es\/#\/schema\/logo\/image\/","url":"https:\/\/barcelonaenmarxa.org\/wp-content\/uploads\/2026\/03\/logo-acc-bcn-light-bg.svg","contentUrl":"https:\/\/barcelonaenmarxa.org\/wp-content\/uploads\/2026\/03\/logo-acc-bcn-light-bg.svg","width":"1024","height":"1024","caption":"Associaci\u00f3 contra el c\u00e0ncer a Barcelona"},"image":{"@id":"https:\/\/barcelonaenmarxa.org\/es\/#\/schema\/logo\/image\/"}},{"@type":"Person","@id":"https:\/\/barcelonaenmarxa.org\/es\/#\/schema\/person\/104ad03ec3078da01ca2810b637be3ab","name":"admins","image":{"@type":"ImageObject","inLanguage":"es","@id":"https:\/\/secure.gravatar.com\/avatar\/bbc67c27c20d4284c3e321e6aee926d9665cb03076289c28238cd24f1fb73309?s=96&d=mm&r=g","url":"https:\/\/secure.gravatar.com\/avatar\/bbc67c27c20d4284c3e321e6aee926d9665cb03076289c28238cd24f1fb73309?s=96&d=mm&r=g","contentUrl":"https:\/\/secure.gravatar.com\/avatar\/bbc67c27c20d4284c3e321e6aee926d9665cb03076289c28238cd24f1fb73309?s=96&d=mm&r=g","caption":"admins"},"sameAs":["https:\/\/barcelonaenmarxa.org"],"url":"https:\/\/barcelonaenmarxa.org\/es\/author\/admins\/"}]}},"_links":{"self":[{"href":"https:\/\/barcelonaenmarxa.org\/es\/wp-json\/wp\/v2\/posts\/4121","targetHints":{"allow":["GET"]}}],"collection":[{"href":"https:\/\/barcelonaenmarxa.org\/es\/wp-json\/wp\/v2\/posts"}],"about":[{"href":"https:\/\/barcelonaenmarxa.org\/es\/wp-json\/wp\/v2\/types\/post"}],"author":[{"embeddable":true,"href":"https:\/\/barcelonaenmarxa.org\/es\/wp-json\/wp\/v2\/users\/1"}],"replies":[{"embeddable":true,"href":"https:\/\/barcelonaenmarxa.org\/es\/wp-json\/wp\/v2\/comments?post=4121"}],"version-history":[{"count":0,"href":"https:\/\/barcelonaenmarxa.org\/es\/wp-json\/wp\/v2\/posts\/4121\/revisions"}],"wp:featuredmedia":[{"embeddable":true,"href":"https:\/\/barcelonaenmarxa.org\/es\/wp-json\/wp\/v2\/media\/4127"}],"wp:attachment":[{"href":"https:\/\/barcelonaenmarxa.org\/es\/wp-json\/wp\/v2\/media?parent=4121"}],"wp:term":[{"taxonomy":"category","embeddable":true,"href":"https:\/\/barcelonaenmarxa.org\/es\/wp-json\/wp\/v2\/categories?post=4121"},{"taxonomy":"post_tag","embeddable":true,"href":"https:\/\/barcelonaenmarxa.org\/es\/wp-json\/wp\/v2\/tags?post=4121"}],"curies":[{"name":"wp","href":"https:\/\/api.w.org\/{rel}","templated":true}]}}