{"id":2017,"date":"2020-12-14T15:54:56","date_gmt":"2020-12-14T14:54:56","guid":{"rendered":"http:\/\/barcelonaenmarxa.org\/mes-de-1-000-participants-a-la-cursa-virtual-aecc-barcelona-en-marxa\/"},"modified":"2020-12-14T15:54:56","modified_gmt":"2020-12-14T14:54:56","slug":"mas-de-1-000-participantes-a-la-carrera-virtual-aecc-barcelona-en-marcha","status":"publish","type":"post","link":"https:\/\/barcelonaenmarxa.org\/es\/mas-de-1-000-participantes-a-la-carrera-virtual-aecc-barcelona-en-marcha\/","title":{"rendered":"M\u00e1s de 1.000 participantes a la Carrera Virtual AECC Barcelona en Marcha"},"content":{"rendered":"\n<p>M\u00e1s de 1.000 personas han cruzado la meta contra el c\u00e1ncer en la IV Carrera&nbsp;AECC&nbsp;Barcelona en marcha. Una carrera virtual que ha unido las quince carreras solidarias que no se han podido celebrar, durante este a\u00f1o, de manera presencia, por la pandemia.<\/p>\n\n\n\n<p>La&nbsp;COVID-19&nbsp;ha provocado una emergencia social que ha cambiado las rutinas diarias y los acontecimientos como las carreras populares. Pero, este a\u00f1o m\u00e1s que nunca, y conscientes que el c\u00e1ncer no se ha parado estos meses y las consecuencias que la pandemia ha tenido en pacientes y familiares a nivel laboral, econ\u00f3mico, sanitario y social, la carrera solidaria de la&nbsp;AECC-Catalu\u00f1a&nbsp;contra el C\u00e1ncer se ha adaptado para mantener la simbiosis de la pr\u00e1ctica deportiva con la colaboraci\u00f3n en la lucha contra la enfermedad. Este a\u00f1o, m\u00e1s de 1.000 personas han corrido o andado 10 km para ayudar a las personas con c\u00e1ncer y sus familiares, colaborar con la asociaci\u00f3n y ayudar a financiar la investigaci\u00f3n oncol\u00f3gica.<\/p>\n\n\n\n<p>La carrera se ha celebrado el fin de semana del 12 y 13 de diciembre a trav\u00e9s de la plataforma Virtual&nbsp;Race&nbsp;by&nbsp;Sport&nbsp;Heroes, y ha participado gente de toda la provincia de Barcelona, especialmente, aquellas localidades donde la carrera anual presencial no se ha podido celebrar: Igualada, Manresa, Granollers, Sabadell, Santa Coloma de Gramenet, Cornell\u00e0 de Llobregat, Gav\u00e0, Malgrat de Mar, Premi\u00e0 de Mar, Pineda de Mar, Sitges, Sant Celoni, Piera y Badia del Vall\u00e8s, junto con la de la capital catalana.<\/p>\n\n\n\n<p>La IV\u00a0AECC\u00a0Barcelona en marcha Contra el C\u00e1ncer ha sido posible gracias al apoyo de Aig\u00fces de Barcelona, que colabora con la carrera desde 2017.<\/p>\n","protected":false},"excerpt":{"rendered":"<p>M\u00e1s de 1.000 personas han cruzado la meta contra el c\u00e1ncer en la IV Carrera&nbsp;AECC&nbsp;Barcelona en marcha. Una carrera virtual que ha unido las quince carreras solidarias que no se&#8230;<\/p>\n","protected":false},"author":1,"featured_media":2014,"comment_status":"closed","ping_status":"closed","sticky":false,"template":"","format":"standard","meta":{"_acf_changed":false,"inline_featured_image":false,"footnotes":""},"categories":[],"tags":[],"class_list":["post-2017","post","type-post","status-publish","format-standard","has-post-thumbnail"],"acf":[],"yoast_head":"<!-- This site is optimized with the Yoast SEO plugin v27.2 - https:\/\/yoast.com\/product\/yoast-seo-wordpress\/ -->\n<title>M\u00e1s de 1.000 participantes a la Carrera Virtual AECC Barcelona en Marcha - KM Contra el C\u00e0ncer<\/title>\n<meta name=\"robots\" content=\"noindex, follow, max-snippet:-1, max-image-preview:large, max-video-preview:-1\" \/>\n<meta property=\"og:locale\" content=\"es_ES\" \/>\n<meta property=\"og:type\" content=\"article\" \/>\n<meta property=\"og:title\" content=\"M\u00e1s de 1.000 participantes a la Carrera Virtual AECC Barcelona en Marcha - KM Contra el C\u00e0ncer\" \/>\n<meta property=\"og:description\" content=\"M\u00e1s de 1.000 personas han cruzado la meta contra el c\u00e1ncer en la IV Carrera&nbsp;AECC&nbsp;Barcelona en marcha. Una carrera virtual que ha unido las quince carreras solidarias que no se...\" \/>\n<meta property=\"og:url\" content=\"https:\/\/barcelonaenmarxa.org\/es\/mas-de-1-000-participantes-a-la-carrera-virtual-aecc-barcelona-en-marcha\/\" \/>\n<meta property=\"og:site_name\" content=\"KM Contra el C\u00e0ncer\" \/>\n<meta property=\"article:published_time\" content=\"2020-12-14T14:54:56+00:00\" \/>\n<meta property=\"og:image\" content=\"https:\/\/barcelonaenmarxa.org\/wp-content\/uploads\/2020\/12\/agradecimiento_aecc_post-e1608030967313.jpg\" \/>\n\t<meta property=\"og:image:width\" content=\"1080\" \/>\n\t<meta property=\"og:image:height\" content=\"1080\" \/>\n\t<meta property=\"og:image:type\" content=\"image\/jpeg\" \/>\n<meta name=\"author\" content=\"admins\" \/>\n<meta name=\"twitter:card\" content=\"summary_large_image\" \/>\n<meta name=\"twitter:label1\" content=\"Escrito por\" \/>\n\t<meta name=\"twitter:data1\" content=\"admins\" \/>\n\t<meta name=\"twitter:label2\" content=\"Tiempo de lectura\" \/>\n\t<meta name=\"twitter:data2\" content=\"1 minuto\" \/>\n<script type=\"application\/ld+json\" class=\"yoast-schema-graph\">{\"@context\":\"https:\/\/schema.org\",\"@graph\":[{\"@type\":\"Article\",\"@id\":\"https:\/\/barcelonaenmarxa.org\/es\/mas-de-1-000-participantes-a-la-carrera-virtual-aecc-barcelona-en-marcha\/#article\",\"isPartOf\":{\"@id\":\"https:\/\/barcelonaenmarxa.org\/es\/mas-de-1-000-participantes-a-la-carrera-virtual-aecc-barcelona-en-marcha\/\"},\"author\":{\"name\":\"admins\",\"@id\":\"https:\/\/barcelonaenmarxa.org\/es\/#\/schema\/person\/104ad03ec3078da01ca2810b637be3ab\"},\"headline\":\"M\u00e1s de 1.000 participantes a la Carrera Virtual AECC Barcelona en Marcha\",\"datePublished\":\"2020-12-14T14:54:56+00:00\",\"mainEntityOfPage\":{\"@id\":\"https:\/\/barcelonaenmarxa.org\/es\/mas-de-1-000-participantes-a-la-carrera-virtual-aecc-barcelona-en-marcha\/\"},\"wordCount\":309,\"publisher\":{\"@id\":\"https:\/\/barcelonaenmarxa.org\/es\/#organization\"},\"image\":{\"@id\":\"https:\/\/barcelonaenmarxa.org\/es\/mas-de-1-000-participantes-a-la-carrera-virtual-aecc-barcelona-en-marcha\/#primaryimage\"},\"thumbnailUrl\":\"https:\/\/barcelonaenmarxa.org\/wp-content\/uploads\/2020\/12\/agradecimiento_aecc_post-e1608030967313.jpg\",\"inLanguage\":\"es\"},{\"@type\":\"WebPage\",\"@id\":\"https:\/\/barcelonaenmarxa.org\/es\/mas-de-1-000-participantes-a-la-carrera-virtual-aecc-barcelona-en-marcha\/\",\"url\":\"https:\/\/barcelonaenmarxa.org\/es\/mas-de-1-000-participantes-a-la-carrera-virtual-aecc-barcelona-en-marcha\/\",\"name\":\"M\u00e1s de 1.000 participantes a la Carrera Virtual AECC Barcelona en Marcha - KM Contra el C\u00e0ncer\",\"isPartOf\":{\"@id\":\"https:\/\/barcelonaenmarxa.org\/es\/#website\"},\"primaryImageOfPage\":{\"@id\":\"https:\/\/barcelonaenmarxa.org\/es\/mas-de-1-000-participantes-a-la-carrera-virtual-aecc-barcelona-en-marcha\/#primaryimage\"},\"image\":{\"@id\":\"https:\/\/barcelonaenmarxa.org\/es\/mas-de-1-000-participantes-a-la-carrera-virtual-aecc-barcelona-en-marcha\/#primaryimage\"},\"thumbnailUrl\":\"https:\/\/barcelonaenmarxa.org\/wp-content\/uploads\/2020\/12\/agradecimiento_aecc_post-e1608030967313.jpg\",\"datePublished\":\"2020-12-14T14:54:56+00:00\",\"breadcrumb\":{\"@id\":\"https:\/\/barcelonaenmarxa.org\/es\/mas-de-1-000-participantes-a-la-carrera-virtual-aecc-barcelona-en-marcha\/#breadcrumb\"},\"inLanguage\":\"es\",\"potentialAction\":[{\"@type\":\"ReadAction\",\"target\":[\"https:\/\/barcelonaenmarxa.org\/es\/mas-de-1-000-participantes-a-la-carrera-virtual-aecc-barcelona-en-marcha\/\"]}]},{\"@type\":\"ImageObject\",\"inLanguage\":\"es\",\"@id\":\"https:\/\/barcelonaenmarxa.org\/es\/mas-de-1-000-participantes-a-la-carrera-virtual-aecc-barcelona-en-marcha\/#primaryimage\",\"url\":\"https:\/\/barcelonaenmarxa.org\/wp-content\/uploads\/2020\/12\/agradecimiento_aecc_post-e1608030967313.jpg\",\"contentUrl\":\"https:\/\/barcelonaenmarxa.org\/wp-content\/uploads\/2020\/12\/agradecimiento_aecc_post-e1608030967313.jpg\",\"width\":1080,\"height\":1080},{\"@type\":\"BreadcrumbList\",\"@id\":\"https:\/\/barcelonaenmarxa.org\/es\/mas-de-1-000-participantes-a-la-carrera-virtual-aecc-barcelona-en-marcha\/#breadcrumb\",\"itemListElement\":[{\"@type\":\"ListItem\",\"position\":1,\"name\":\"Portada\",\"item\":\"https:\/\/barcelonaenmarxa.org\/es\/inicio\/\"},{\"@type\":\"ListItem\",\"position\":2,\"name\":\"M\u00e1s de 1.000 participantes a la Carrera Virtual AECC Barcelona en Marcha\"}]},{\"@type\":\"WebSite\",\"@id\":\"https:\/\/barcelonaenmarxa.org\/es\/#website\",\"url\":\"https:\/\/barcelonaenmarxa.org\/es\/\",\"name\":\"KM Contra El C\u00e0ncer\",\"description\":\"\",\"publisher\":{\"@id\":\"https:\/\/barcelonaenmarxa.org\/es\/#organization\"},\"potentialAction\":[{\"@type\":\"SearchAction\",\"target\":{\"@type\":\"EntryPoint\",\"urlTemplate\":\"https:\/\/barcelonaenmarxa.org\/es\/?s={search_term_string}\"},\"query-input\":{\"@type\":\"PropertyValueSpecification\",\"valueRequired\":true,\"valueName\":\"search_term_string\"}}],\"inLanguage\":\"es\"},{\"@type\":\"Organization\",\"@id\":\"https:\/\/barcelonaenmarxa.org\/es\/#organization\",\"name\":\"Associaci\u00f3 contra el c\u00e0ncer a Barcelona\",\"url\":\"https:\/\/barcelonaenmarxa.org\/es\/\",\"logo\":{\"@type\":\"ImageObject\",\"inLanguage\":\"es\",\"@id\":\"https:\/\/barcelonaenmarxa.org\/es\/#\/schema\/logo\/image\/\",\"url\":\"https:\/\/barcelonaenmarxa.org\/wp-content\/uploads\/2026\/03\/logo-acc-bcn-light-bg.svg\",\"contentUrl\":\"https:\/\/barcelonaenmarxa.org\/wp-content\/uploads\/2026\/03\/logo-acc-bcn-light-bg.svg\",\"width\":\"1024\",\"height\":\"1024\",\"caption\":\"Associaci\u00f3 contra el c\u00e0ncer a Barcelona\"},\"image\":{\"@id\":\"https:\/\/barcelonaenmarxa.org\/es\/#\/schema\/logo\/image\/\"}},{\"@type\":\"Person\",\"@id\":\"https:\/\/barcelonaenmarxa.org\/es\/#\/schema\/person\/104ad03ec3078da01ca2810b637be3ab\",\"name\":\"admins\",\"image\":{\"@type\":\"ImageObject\",\"inLanguage\":\"es\",\"@id\":\"https:\/\/secure.gravatar.com\/avatar\/bbc67c27c20d4284c3e321e6aee926d9665cb03076289c28238cd24f1fb73309?s=96&d=mm&r=g\",\"url\":\"https:\/\/secure.gravatar.com\/avatar\/bbc67c27c20d4284c3e321e6aee926d9665cb03076289c28238cd24f1fb73309?s=96&d=mm&r=g\",\"contentUrl\":\"https:\/\/secure.gravatar.com\/avatar\/bbc67c27c20d4284c3e321e6aee926d9665cb03076289c28238cd24f1fb73309?s=96&d=mm&r=g\",\"caption\":\"admins\"},\"sameAs\":[\"https:\/\/barcelonaenmarxa.org\"],\"url\":\"https:\/\/barcelonaenmarxa.org\/es\/author\/admins\/\"}]}<\/script>\n<!-- \/ Yoast SEO plugin. -->","yoast_head_json":{"title":"M\u00e1s de 1.000 participantes a la Carrera Virtual AECC Barcelona en Marcha - KM Contra el C\u00e0ncer","robots":{"index":"noindex","follow":"follow","max-snippet":"max-snippet:-1","max-image-preview":"max-image-preview:large","max-video-preview":"max-video-preview:-1"},"og_locale":"es_ES","og_type":"article","og_title":"M\u00e1s de 1.000 participantes a la Carrera Virtual AECC Barcelona en Marcha - KM Contra el C\u00e0ncer","og_description":"M\u00e1s de 1.000 personas han cruzado la meta contra el c\u00e1ncer en la IV Carrera&nbsp;AECC&nbsp;Barcelona en marcha. Una carrera virtual que ha unido las quince carreras solidarias que no se...","og_url":"https:\/\/barcelonaenmarxa.org\/es\/mas-de-1-000-participantes-a-la-carrera-virtual-aecc-barcelona-en-marcha\/","og_site_name":"KM Contra el C\u00e0ncer","article_published_time":"2020-12-14T14:54:56+00:00","og_image":[{"width":1080,"height":1080,"url":"https:\/\/barcelonaenmarxa.org\/wp-content\/uploads\/2020\/12\/agradecimiento_aecc_post-e1608030967313.jpg","type":"image\/jpeg"}],"author":"admins","twitter_card":"summary_large_image","twitter_misc":{"Escrito por":"admins","Tiempo de lectura":"1 minuto"},"schema":{"@context":"https:\/\/schema.org","@graph":[{"@type":"Article","@id":"https:\/\/barcelonaenmarxa.org\/es\/mas-de-1-000-participantes-a-la-carrera-virtual-aecc-barcelona-en-marcha\/#article","isPartOf":{"@id":"https:\/\/barcelonaenmarxa.org\/es\/mas-de-1-000-participantes-a-la-carrera-virtual-aecc-barcelona-en-marcha\/"},"author":{"name":"admins","@id":"https:\/\/barcelonaenmarxa.org\/es\/#\/schema\/person\/104ad03ec3078da01ca2810b637be3ab"},"headline":"M\u00e1s de 1.000 participantes a la Carrera Virtual AECC Barcelona en Marcha","datePublished":"2020-12-14T14:54:56+00:00","mainEntityOfPage":{"@id":"https:\/\/barcelonaenmarxa.org\/es\/mas-de-1-000-participantes-a-la-carrera-virtual-aecc-barcelona-en-marcha\/"},"wordCount":309,"publisher":{"@id":"https:\/\/barcelonaenmarxa.org\/es\/#organization"},"image":{"@id":"https:\/\/barcelonaenmarxa.org\/es\/mas-de-1-000-participantes-a-la-carrera-virtual-aecc-barcelona-en-marcha\/#primaryimage"},"thumbnailUrl":"https:\/\/barcelonaenmarxa.org\/wp-content\/uploads\/2020\/12\/agradecimiento_aecc_post-e1608030967313.jpg","inLanguage":"es"},{"@type":"WebPage","@id":"https:\/\/barcelonaenmarxa.org\/es\/mas-de-1-000-participantes-a-la-carrera-virtual-aecc-barcelona-en-marcha\/","url":"https:\/\/barcelonaenmarxa.org\/es\/mas-de-1-000-participantes-a-la-carrera-virtual-aecc-barcelona-en-marcha\/","name":"M\u00e1s de 1.000 participantes a la Carrera Virtual AECC Barcelona en Marcha - KM Contra el C\u00e0ncer","isPartOf":{"@id":"https:\/\/barcelonaenmarxa.org\/es\/#website"},"primaryImageOfPage":{"@id":"https:\/\/barcelonaenmarxa.org\/es\/mas-de-1-000-participantes-a-la-carrera-virtual-aecc-barcelona-en-marcha\/#primaryimage"},"image":{"@id":"https:\/\/barcelonaenmarxa.org\/es\/mas-de-1-000-participantes-a-la-carrera-virtual-aecc-barcelona-en-marcha\/#primaryimage"},"thumbnailUrl":"https:\/\/barcelonaenmarxa.org\/wp-content\/uploads\/2020\/12\/agradecimiento_aecc_post-e1608030967313.jpg","datePublished":"2020-12-14T14:54:56+00:00","breadcrumb":{"@id":"https:\/\/barcelonaenmarxa.org\/es\/mas-de-1-000-participantes-a-la-carrera-virtual-aecc-barcelona-en-marcha\/#breadcrumb"},"inLanguage":"es","potentialAction":[{"@type":"ReadAction","target":["https:\/\/barcelonaenmarxa.org\/es\/mas-de-1-000-participantes-a-la-carrera-virtual-aecc-barcelona-en-marcha\/"]}]},{"@type":"ImageObject","inLanguage":"es","@id":"https:\/\/barcelonaenmarxa.org\/es\/mas-de-1-000-participantes-a-la-carrera-virtual-aecc-barcelona-en-marcha\/#primaryimage","url":"https:\/\/barcelonaenmarxa.org\/wp-content\/uploads\/2020\/12\/agradecimiento_aecc_post-e1608030967313.jpg","contentUrl":"https:\/\/barcelonaenmarxa.org\/wp-content\/uploads\/2020\/12\/agradecimiento_aecc_post-e1608030967313.jpg","width":1080,"height":1080},{"@type":"BreadcrumbList","@id":"https:\/\/barcelonaenmarxa.org\/es\/mas-de-1-000-participantes-a-la-carrera-virtual-aecc-barcelona-en-marcha\/#breadcrumb","itemListElement":[{"@type":"ListItem","position":1,"name":"Portada","item":"https:\/\/barcelonaenmarxa.org\/es\/inicio\/"},{"@type":"ListItem","position":2,"name":"M\u00e1s de 1.000 participantes a la Carrera Virtual AECC Barcelona en Marcha"}]},{"@type":"WebSite","@id":"https:\/\/barcelonaenmarxa.org\/es\/#website","url":"https:\/\/barcelonaenmarxa.org\/es\/","name":"KM Contra El C\u00e0ncer","description":"","publisher":{"@id":"https:\/\/barcelonaenmarxa.org\/es\/#organization"},"potentialAction":[{"@type":"SearchAction","target":{"@type":"EntryPoint","urlTemplate":"https:\/\/barcelonaenmarxa.org\/es\/?s={search_term_string}"},"query-input":{"@type":"PropertyValueSpecification","valueRequired":true,"valueName":"search_term_string"}}],"inLanguage":"es"},{"@type":"Organization","@id":"https:\/\/barcelonaenmarxa.org\/es\/#organization","name":"Associaci\u00f3 contra el c\u00e0ncer a Barcelona","url":"https:\/\/barcelonaenmarxa.org\/es\/","logo":{"@type":"ImageObject","inLanguage":"es","@id":"https:\/\/barcelonaenmarxa.org\/es\/#\/schema\/logo\/image\/","url":"https:\/\/barcelonaenmarxa.org\/wp-content\/uploads\/2026\/03\/logo-acc-bcn-light-bg.svg","contentUrl":"https:\/\/barcelonaenmarxa.org\/wp-content\/uploads\/2026\/03\/logo-acc-bcn-light-bg.svg","width":"1024","height":"1024","caption":"Associaci\u00f3 contra el c\u00e0ncer a Barcelona"},"image":{"@id":"https:\/\/barcelonaenmarxa.org\/es\/#\/schema\/logo\/image\/"}},{"@type":"Person","@id":"https:\/\/barcelonaenmarxa.org\/es\/#\/schema\/person\/104ad03ec3078da01ca2810b637be3ab","name":"admins","image":{"@type":"ImageObject","inLanguage":"es","@id":"https:\/\/secure.gravatar.com\/avatar\/bbc67c27c20d4284c3e321e6aee926d9665cb03076289c28238cd24f1fb73309?s=96&d=mm&r=g","url":"https:\/\/secure.gravatar.com\/avatar\/bbc67c27c20d4284c3e321e6aee926d9665cb03076289c28238cd24f1fb73309?s=96&d=mm&r=g","contentUrl":"https:\/\/secure.gravatar.com\/avatar\/bbc67c27c20d4284c3e321e6aee926d9665cb03076289c28238cd24f1fb73309?s=96&d=mm&r=g","caption":"admins"},"sameAs":["https:\/\/barcelonaenmarxa.org"],"url":"https:\/\/barcelonaenmarxa.org\/es\/author\/admins\/"}]}},"_links":{"self":[{"href":"https:\/\/barcelonaenmarxa.org\/es\/wp-json\/wp\/v2\/posts\/2017","targetHints":{"allow":["GET"]}}],"collection":[{"href":"https:\/\/barcelonaenmarxa.org\/es\/wp-json\/wp\/v2\/posts"}],"about":[{"href":"https:\/\/barcelonaenmarxa.org\/es\/wp-json\/wp\/v2\/types\/post"}],"author":[{"embeddable":true,"href":"https:\/\/barcelonaenmarxa.org\/es\/wp-json\/wp\/v2\/users\/1"}],"replies":[{"embeddable":true,"href":"https:\/\/barcelonaenmarxa.org\/es\/wp-json\/wp\/v2\/comments?post=2017"}],"version-history":[{"count":0,"href":"https:\/\/barcelonaenmarxa.org\/es\/wp-json\/wp\/v2\/posts\/2017\/revisions"}],"wp:featuredmedia":[{"embeddable":true,"href":"https:\/\/barcelonaenmarxa.org\/es\/wp-json\/wp\/v2\/media\/2014"}],"wp:attachment":[{"href":"https:\/\/barcelonaenmarxa.org\/es\/wp-json\/wp\/v2\/media?parent=2017"}],"wp:term":[{"taxonomy":"category","embeddable":true,"href":"https:\/\/barcelonaenmarxa.org\/es\/wp-json\/wp\/v2\/categories?post=2017"},{"taxonomy":"post_tag","embeddable":true,"href":"https:\/\/barcelonaenmarxa.org\/es\/wp-json\/wp\/v2\/tags?post=2017"}],"curies":[{"name":"wp","href":"https:\/\/api.w.org\/{rel}","templated":true}]}}